{"id":18115,"date":"2007-04-02T19:29:06","date_gmt":"2007-04-02T19:29:06","guid":{"rendered":"https:\/\/obscom.intervozes.org.br\/wordpress\/?p=18115"},"modified":"2007-04-02T19:29:06","modified_gmt":"2007-04-02T19:29:06","slug":"emi-retira-bloqueios-digitais-de-suas-musicas","status":"publish","type":"post","link":"https:\/\/obscom.intervozes.org.br\/?p=18115","title":{"rendered":"EMI retira bloqueios digitais de suas m\u00fasicas"},"content":{"rendered":"<p><span>A gravadora americana EMI est&aacute; retirando os bloqueios digitais &#8211; programas antipirataria &#8211; para baixar suas m&uacute;sicas pela internet em p&aacute;ginas como iTunes.<\/span><span>&nbsp;<\/span>&nbsp;<span>A empresa, que &eacute; o terceiro maior selo da ind&uacute;stria fonogr&aacute;fica mundial, declarou que cada m&uacute;sica de seu cat&aacute;logo online ser&aacute; disponibilizado no formato &quot;premium&quot;. Segundo a gravadora, o custo ser&aacute; maior e a qualidade ser&aacute; melhor do que nas faixas dispon&iacute;veis atualmente e ser&atilde;o vendidas a partir de maio atrav&eacute;s da p&aacute;gina iTunes da Apple. <\/span><span>&nbsp;<\/span><span>&nbsp;<\/p>\n<p><\/span><span>No programa da Apple, as faixas da EMI que n&atilde;o t&ecirc;m o programa de gerenciamento de direitos digitais (DRM) ser&atilde;o vendidas com o dobro da qualidade de &aacute;udio por US$ 1,29 (cerca de R$ 2,66). <\/span><span>&nbsp;<\/span><span>&nbsp;<\/p>\n<p><\/span><span>&quot;Consumidores nos falam que est&atilde;o preparados para pagar um pre&ccedil;o mais alto por uma m&uacute;sica que pode ser tocada em qualquer aparelho&quot;, declarou Eric Nicoli, diretor da gravadora, em uma entrevista concedida em Londres. <\/span><span>&nbsp;<\/span><span>&nbsp;<\/span><span>O diretor acredita ainda que a medida ir&aacute; reduzir a luta da EMI contra a pirataria. &quot;Temos que confiar em nossos consumidores. Sempre argumentamos que a melhor maneira de combater o tr&aacute;fico ilegal &eacute; disponibilizar conte&uacute;do legal a um custo decente e conveniente&quot;, afirmou.<\/span><span>&nbsp;<\/span><span>&nbsp;<\/p>\n<p><\/span><span>Para Jobs, muito em breve outras companhias seguir&atilde;o o exemplo da EMI. &quot;A coisa certa a fazer &eacute; derrubar muros que obstru&iacute;am a capacidade de atividade conjunta (entre o DRM e a m&uacute;sica online livre do programa), retirando o DRM, e isto come&ccedil;a aqui, hoje&quot;, disse o presidente da Apple, Steve Jobs, que participou da entrevista em Londres.<\/span><\/p>\n<p><span><font size=\"3\"><img loading=\"lazy\" decoding=\"async\" style=\"width: 22px; height: 20px\" src=\"images\/stories\/politica_publicacoes\/c_invertido.png\" alt=\"Active Image\" width=\"22\" height=\"20\" \/><\/font><\/span><\/p>\n","protected":false},"excerpt":{"rendered":"<p>A gravadora americana EMI est\u00e1 retirando os bloqueios digitais &#8211; programas antipirataria &#8211; para baixar suas m\u00fasicas pela internet em p\u00e1ginas como iTunes.<\/p>\n","protected":false},"author":1,"featured_media":0,"comment_status":"open","ping_status":"open","sticky":false,"template":"","format":"standard","meta":{"footnotes":""},"categories":[40],"tags":[141],"_links":{"self":[{"href":"https:\/\/obscom.intervozes.org.br\/index.php?rest_route=\/wp\/v2\/posts\/18115"}],"collection":[{"href":"https:\/\/obscom.intervozes.org.br\/index.php?rest_route=\/wp\/v2\/posts"}],"about":[{"href":"https:\/\/obscom.intervozes.org.br\/index.php?rest_route=\/wp\/v2\/types\/post"}],"author":[{"embeddable":true,"href":"https:\/\/obscom.intervozes.org.br\/index.php?rest_route=\/wp\/v2\/users\/1"}],"replies":[{"embeddable":true,"href":"https:\/\/obscom.intervozes.org.br\/index.php?rest_route=%2Fwp%2Fv2%2Fcomments&post=18115"}],"version-history":[{"count":0,"href":"https:\/\/obscom.intervozes.org.br\/index.php?rest_route=\/wp\/v2\/posts\/18115\/revisions"}],"wp:attachment":[{"href":"https:\/\/obscom.intervozes.org.br\/index.php?rest_route=%2Fwp%2Fv2%2Fmedia&parent=18115"}],"wp:term":[{"taxonomy":"category","embeddable":true,"href":"https:\/\/obscom.intervozes.org.br\/index.php?rest_route=%2Fwp%2Fv2%2Fcategories&post=18115"},{"taxonomy":"post_tag","embeddable":true,"href":"https:\/\/obscom.intervozes.org.br\/index.php?rest_route=%2Fwp%2Fv2%2Ftags&post=18115"}],"curies":[{"name":"wp","href":"https:\/\/api.w.org\/{rel}","templated":true}]}}