{"id":18109,"date":"2007-03-13T16:23:22","date_gmt":"2007-03-13T16:23:22","guid":{"rendered":"https:\/\/obscom.intervozes.org.br\/wordpress\/?p=18109"},"modified":"2007-03-13T16:23:22","modified_gmt":"2007-03-13T16:23:22","slug":"jornalistas-sem-diploma-devem-ter-registro-restabelecido","status":"publish","type":"post","link":"https:\/\/obscom.intervozes.org.br\/?p=18109","title":{"rendered":"Jornalistas sem diploma devem ter registro restabelecido"},"content":{"rendered":"<p>S&Atilde;O PAULO &#8211; As delegacias regionais do Trabalho (DRTs) devem restabelecer o registro de jornalista dos profissionais que n&atilde;o possuem diploma, informou na ter&ccedil;a-feira, 6, uma portaria do Minist&eacute;rio do Trabalho, publicada no Di&aacute;rio Oficial da Uni&atilde;o.<\/p>\n<p>A portaria determinou que as DRTs suspendam a fiscaliza&ccedil;&atilde;o da exig&ecirc;ncia do diploma em casos de profissionais que possuem apenas o registro de jornalista. A decis&atilde;o foi baseada na liminar do Supremo Tribunal Federal (STF) que manteve o exerc&iacute;cio da atividade jornal&iacute;stica independente do diploma de curso superior.<\/p>\n<p>De acordo com a portaria do minist&eacute;rio, os autos de infra&ccedil;&atilde;o por falta de diploma emitidos a partir de 19 de dezembro do ano passado, data de publica&ccedil;&atilde;o da liminar, devem ser &quot;desconstitu&iacute;dos&quot;. Al&eacute;m disso, as DRTs devem intimar tamb&eacute;m, individualmente, aqueles que tiveram seus registros profissionais restabelecidos.<\/p>\n<p>&nbsp;<\/p>\n<p><img loading=\"lazy\" decoding=\"async\" style=\"width: 24px; height: 23px\" src=\"images\/stories\/politica_publicacoes\/c_invertido.png\" alt=\"Active Image\" width=\"24\" height=\"23\" \/><\/p>\n","protected":false},"excerpt":{"rendered":"<p>S\u00c3O PAULO &#8211; As delegacias regionais do Trabalho (DRTs) devem restabelecer o registro de jornalista dos profissionais que n\u00e3o possuem diploma, informou na ter\u00e7a-feira, 6, uma portaria do Minist\u00e9rio do Trabalho, publicada no Di\u00e1rio Oficial da Uni\u00e3o.<\/p>\n","protected":false},"author":1,"featured_media":0,"comment_status":"open","ping_status":"open","sticky":false,"template":"","format":"standard","meta":{"footnotes":""},"categories":[40],"tags":[60],"_links":{"self":[{"href":"https:\/\/obscom.intervozes.org.br\/index.php?rest_route=\/wp\/v2\/posts\/18109"}],"collection":[{"href":"https:\/\/obscom.intervozes.org.br\/index.php?rest_route=\/wp\/v2\/posts"}],"about":[{"href":"https:\/\/obscom.intervozes.org.br\/index.php?rest_route=\/wp\/v2\/types\/post"}],"author":[{"embeddable":true,"href":"https:\/\/obscom.intervozes.org.br\/index.php?rest_route=\/wp\/v2\/users\/1"}],"replies":[{"embeddable":true,"href":"https:\/\/obscom.intervozes.org.br\/index.php?rest_route=%2Fwp%2Fv2%2Fcomments&post=18109"}],"version-history":[{"count":0,"href":"https:\/\/obscom.intervozes.org.br\/index.php?rest_route=\/wp\/v2\/posts\/18109\/revisions"}],"wp:attachment":[{"href":"https:\/\/obscom.intervozes.org.br\/index.php?rest_route=%2Fwp%2Fv2%2Fmedia&parent=18109"}],"wp:term":[{"taxonomy":"category","embeddable":true,"href":"https:\/\/obscom.intervozes.org.br\/index.php?rest_route=%2Fwp%2Fv2%2Fcategories&post=18109"},{"taxonomy":"post_tag","embeddable":true,"href":"https:\/\/obscom.intervozes.org.br\/index.php?rest_route=%2Fwp%2Fv2%2Ftags&post=18109"}],"curies":[{"name":"wp","href":"https:\/\/api.w.org\/{rel}","templated":true}]}}