{"id":18108,"date":"2007-03-12T19:43:54","date_gmt":"2007-03-12T19:43:54","guid":{"rendered":"https:\/\/obscom.intervozes.org.br\/wordpress\/?p=18108"},"modified":"2007-03-12T19:43:54","modified_gmt":"2007-03-12T19:43:54","slug":"frente-nacional-por-um-sistema-democratico-de-radio-e-tv-digital-realiza-encontro","status":"publish","type":"post","link":"https:\/\/obscom.intervozes.org.br\/?p=18108","title":{"rendered":"Frente Nacional por um Sistema Democr\u00e1tico de R\u00e1dio e TV Digital realiza encontro"},"content":{"rendered":"<p>Com o objetivo de discutir o processo de digitaliza&ccedil;&atilde;o no pa&iacute;s e tra&ccedil;ar  estrat&eacute;gias de a&ccedil;&atilde;o, a Frente Nacional por um Sistema Democr&aacute;tico de R&aacute;dio e TV  Digital promove encontro, nos dias 15 e 16 de mar&ccedil;o, no Rio de Janeiro.<\/p>\n<p>O primeiro dia ser&aacute; marcado por debates sobre radiodifus&atilde;o digital,  como&nbsp;aspectos pol&iacute;ticos e econ&ocirc;micos,&nbsp;tecnol&oacute;gicos e regulat&oacute;rios da  radiodifus&atilde;o. No dia 16, haver&aacute; uma plen&aacute;ria de entidades da sociedade civil,  com a proposta de analisar a conjuntura nacional do setor e desenvolver as  propostas de a&ccedil;&atilde;o das entidades. Al&eacute;m disso, tamb&eacute;m est&aacute; programado um ato  p&uacute;blico, na Pra&ccedil;a XV, no centro da capital carioca, a partir das 17h30 do dia  15.<\/p>\n<p>O evento acontece no Clube de Engenharia (Av. Rio Branco, 124) e as  inscri&ccedil;&otilde;es devem ser feitas pelo endere&ccedil;o: <a href=\"mailto:encontrofrentedigital@yahoo.com.br\">encontrofrentedigital@yahoo.com.br<\/a>.  Os participantes inscritos receber&atilde;o um caderno de textos sobre os temas. Na  lista de convidados, constam&nbsp;&nbsp;representantes do governo&nbsp;e da sociedade  envolvidos no processo.<\/p>\n<p>Jonas Valente, jornalista e integrante da frente, afirma que &ldquo;o encontro &eacute; de  extrema import&acirc;ncia para rearticular esta que foi uma grande iniciativa de  reunir diversas entidades no ano passado para disputar os rumos desta transi&ccedil;&atilde;o  tecnol&oacute;gica da TV brasileira&rdquo;. Entre os temas pautados, Valente destaca a  defini&ccedil;&atilde;o do plano b&aacute;sico de canais, a cria&ccedil;&atilde;o de canais p&uacute;blicos e estatais e o  formato destes, a formata&ccedil;&atilde;o das possibilidades interativas da programa&ccedil;&atilde;o e a  pol&iacute;tica de incentivo &agrave; produ&ccedil;&atilde;o de conte&uacute;do digital.<\/p>\n<p>&nbsp;<\/p><\/p>\n","protected":false},"excerpt":{"rendered":"<p>Com o objetivo de discutir o processo de digitaliza\u00e7\u00e3o no pa\u00eds e tra\u00e7ar estrat\u00e9gias de a\u00e7\u00e3o, a Frente Nacional por um Sistema Democr\u00e1tico de R\u00e1dio e TV Digital promove encontro, nos dias 15 e 16 de mar\u00e7o, no Rio de Janeiro.<\/p>\n","protected":false},"author":1,"featured_media":0,"comment_status":"open","ping_status":"open","sticky":false,"template":"","format":"standard","meta":{"footnotes":""},"categories":[40],"tags":[140],"_links":{"self":[{"href":"https:\/\/obscom.intervozes.org.br\/index.php?rest_route=\/wp\/v2\/posts\/18108"}],"collection":[{"href":"https:\/\/obscom.intervozes.org.br\/index.php?rest_route=\/wp\/v2\/posts"}],"about":[{"href":"https:\/\/obscom.intervozes.org.br\/index.php?rest_route=\/wp\/v2\/types\/post"}],"author":[{"embeddable":true,"href":"https:\/\/obscom.intervozes.org.br\/index.php?rest_route=\/wp\/v2\/users\/1"}],"replies":[{"embeddable":true,"href":"https:\/\/obscom.intervozes.org.br\/index.php?rest_route=%2Fwp%2Fv2%2Fcomments&post=18108"}],"version-history":[{"count":0,"href":"https:\/\/obscom.intervozes.org.br\/index.php?rest_route=\/wp\/v2\/posts\/18108\/revisions"}],"wp:attachment":[{"href":"https:\/\/obscom.intervozes.org.br\/index.php?rest_route=%2Fwp%2Fv2%2Fmedia&parent=18108"}],"wp:term":[{"taxonomy":"category","embeddable":true,"href":"https:\/\/obscom.intervozes.org.br\/index.php?rest_route=%2Fwp%2Fv2%2Fcategories&post=18108"},{"taxonomy":"post_tag","embeddable":true,"href":"https:\/\/obscom.intervozes.org.br\/index.php?rest_route=%2Fwp%2Fv2%2Ftags&post=18108"}],"curies":[{"name":"wp","href":"https:\/\/api.w.org\/{rel}","templated":true}]}}