{"id":18107,"date":"2007-03-12T19:31:17","date_gmt":"2007-03-12T19:31:17","guid":{"rendered":"https:\/\/obscom.intervozes.org.br\/wordpress\/?p=18107"},"modified":"2007-03-12T19:31:17","modified_gmt":"2007-03-12T19:31:17","slug":"radio-digital-avanca-sem-debate-publico","status":"publish","type":"post","link":"https:\/\/obscom.intervozes.org.br\/?p=18107","title":{"rendered":"R\u00e1dio digital avan\u00e7a sem debate p\u00fablico"},"content":{"rendered":"<p><em>No momento em que se transita para a digitaliza&ccedil;&atilde;o dos meios de comunica&ccedil;&atilde;o, a velocidade peculiar ao r&aacute;dio manifesta-se ainda mais intensa nas decis&otilde;es pol&iacute;ticas e de mercado acerca das escolhas tecnol&oacute;gicas. Neste caso, por&eacute;m, tal rapidez pode ser prejudicial aos futuros ouvintes: sociedade e a comunidade cient&iacute;fica est&atilde;o sendo praticamente ignoradas. Os empres&aacute;rios do setor adiantam as suas prefer&ecirc;ncias, antecipando-se a qualquer possibilidade de debate p&uacute;blico sobre a quest&atilde;o. Para justificar o processo obl&iacute;quo de escolha do que ser&aacute; o r&aacute;dio digital no Brasil, a Ag&ecirc;ncia Nacional de Telecomunica&ccedil;&otilde;es (Anatel) abriu, nesta semana, Consulta P&uacute;blica para avaliar o Iboc, padr&atilde;o americano escolhido pelos radiodifusores para ser implementado no pa&iacute;s.<br \/><\/em><\/p>\n<p>Enquanto ainda se definem especifica&ccedil;&otilde;es t&eacute;cnicas e crit&eacute;rios diplom&aacute;ticos de coopera&ccedil;&atilde;o entre Brasil e Jap&atilde;o para a implementa&ccedil;&atilde;o da TV digital brasileira, o sistema de digitaliza&ccedil;&atilde;o do r&aacute;dio se encaminha, ao que tudo indica, para uma defini&ccedil;&atilde;o bem mais r&aacute;pida. A agilidade, caracter&iacute;stica intr&iacute;nseca do r&aacute;dio, se transp&otilde;e para as decis&otilde;es pol&iacute;ticas sobre o ve&iacute;culo, com resultados discut&iacute;veis. Para colher contribui&ccedil;&otilde;es acerca do sistema americano de R&aacute;dio Digital AM Iboc (<em>In Band on Channel<\/em>), em fase de testes desde o ano passado, a Anatel abriu a Consulta P&uacute;blica n&ordm; 771, em 5 de mar&ccedil;o de 2007, que estar&aacute; vigorando at&eacute; 24 de abril (<a href=\"http:\/\/sistemas.anatel.gov.br\/SACP\/Contribuicoes\/TextoConsulta.asp?CodProcesso=C958&amp;Tipo=1&amp;Opcao=andamento\">leia &iacute;ntegra da Consulta<\/a>), baseada no documento Proposta de Crit&eacute;rios e Procedimentos para Avalia&ccedil;&atilde;o do Sistema de R&aacute;dio Digital AM Iboc elaborado pela Universidade de Bras&iacute;lia &#8211; UnB. <\/p>\n<p>Para o F&oacute;rum Nacional pela Democratiza&ccedil;&atilde;o da Comunica&ccedil;&atilde;o (FNDC), estes s&atilde;o os arremates de um processo que iniciou torto, pois n&atilde;o incluiu qualquer tipo de consulta al&eacute;m do que j&aacute; estava dado: a escolha do padr&atilde;o americano pelos radiodifusores. &ldquo;Sem nem mesmo um arremedo de debate, como foi o da TV digital, a Anatel bater&aacute; o martelo pelo Iboc&rdquo;, declarou o coordenador-geral do FNDC, Celso Schr&ouml;der. A consulta da Anatel limita-se a um &uacute;nico padr&atilde;o, mas poder&aacute; servir como justificativa p&uacute;blica para embasar a decis&atilde;o final. Em levantamento realizado no ano passado, o FNDC estimou que a transi&ccedil;&atilde;o para o padr&atilde;o propriet&aacute;rio Iboc poder&aacute; custar R$ 15,7 bilh&otilde;es ao cidad&atilde;o e mais de R$ 1,3 bilh&atilde;o &agrave;s emissoras (<a href=\"http:\/\/www.fndc.org.br\/internas.php?p=noticias&amp;cont_key=84598\">leia mat&eacute;ria<\/a>). <\/p>\n<p><strong>Legitimado pelo ministro <\/strong><\/p>\n<p>Em entrevista concedida a Abert (Associa&ccedil;&atilde;o Brasileiras das Emissoras de R&aacute;dio e TV), esta semana, o ministro H&eacute;lio Costa anunciou a cria&ccedil;&atilde;o de um Comit&ecirc; Consultivo interministerial, com a participa&ccedil;&atilde;o da ind&uacute;stria e os radiodifusores, que observar&aacute; a Consulta P&uacute;blica do Iboc. Da ind&uacute;stria, participar&atilde;o especialmente os representantes das &aacute;reas de transmiss&atilde;o e recep&ccedil;&atilde;o &ndash; os radiodifusores, atrav&eacute;s de suas associa&ccedil;&otilde;es e as emissoras educativas, comunit&aacute;rias e culturais. (<a href=\"http:\/\/www.abert.org.br\/n_destaques_2.cfm?CODIGO=28213FE7-3048-8732-604DC97565B87242\">acesse trechos da entrevista<\/a>). <\/p>\n<p>Segundo Costa, em 90 dias ser&aacute; divulgado um estudo indicando o sistema de r&aacute;dio a ser adotado no pa&iacute;s. Ele anunciou, ainda, que h&aacute; um cronograma para implanta&ccedil;&atilde;o do r&aacute;dio digital at&eacute; dezembro, nas capitais. Confirmando mais uma vez sua posi&ccedil;&atilde;o, Costa disse que o padr&atilde;o americano Iboc &eacute; o mais adequado &agrave; realidade brasileira, mas ainda n&atilde;o est&aacute; definido. Adiantou que os radiodifusores ter&atilde;o acesso a linhas de cr&eacute;dito especiais. <\/p>\n<p>Na opini&atilde;o de Regina Motta, pesquisadora em Comunica&ccedil;&atilde;o e professora da Universidade Federal de Minas Gerais (UFMG), que participou dos estudos do Sistema Brasileiro de TV Digital (SBTVD), dif&iacute;cil &eacute; imaginar que o modo como os radiodifusores pressionam o poder p&uacute;blico pela ado&ccedil;&atilde;o do padr&atilde;o norte-americano IBOC n&atilde;o vai influenciar nessa escolha. &ldquo;Se for para haver um debate tal qual o da TV Digital, para depois dele resolver por um padr&atilde;o que j&aacute; estava previamente escolhido, a iniciativa &eacute; s&oacute; um gasto de dinheiro p&uacute;blico.&rdquo; A seu ver, nesta decis&atilde;o, tudo indica que o Minist&eacute;rio das Comunica&ccedil;&otilde;es vai passar por cima tanto das comunidades acad&ecirc;micas e cient&iacute;ficas, quanto da sociedade civil. <\/p>\n<p>Para N&eacute;lia Del Bianco, coordenadora de pesquisa &quot;Jornalismo e Sociedade&quot; na UnB, a tend&ecirc;ncia &eacute; clara: a escolha recair&aacute; sobre um modelo de transmiss&atilde;o digital que n&atilde;o coloque em risco o status quo das emissoras existentes. &ldquo;Neste caso, o Iboc oferece seguran&ccedil;a em tempos de incerteza, porque mant&eacute;m os radiodifusores onde est&atilde;o, com suas freq&uuml;&ecirc;ncias, e garante a transi&ccedil;&atilde;o pela coexist&ecirc;ncia (um valor caro aos processos de transi&ccedil;&atilde;o tecnol&oacute;gica) com o anal&oacute;gico&rdquo;, reflete. <\/p>\n<p>Segundo a pesquisadora, a tend&ecirc;ncia por um modelo comercial que desconsidere o processo de adapta&ccedil;&atilde;o de emissoras p&uacute;blicas e comunit&aacute;rias revela a ess&ecirc;ncia do modelo de concess&atilde;o de r&aacute;dio e televis&atilde;o no Brasil, de natureza patrimonialista. &ldquo;Um bem p&uacute;blico explorado pela iniciativa privada com enfoque essencialmente comercial&rdquo;, analisa N&eacute;lia, acrescentando: &ldquo;Aqueles que j&aacute; exploram os servi&ccedil;os ganharam o direito de continuar no sistema de forma indefinida, sem o questionamento de sua pr&aacute;tica de uso&rdquo;. A escolha dos radiodifusores de emissoras comerciais pelo Iboc, refor&ccedil;a a pesquisadora, &eacute; um esfor&ccedil;o para combinar vantagens tecnol&oacute;gicas com a possibilidade de preserva&ccedil;&atilde;o do neg&oacute;cio e da marca. <\/p>\n<p><strong>Testes n&atilde;o empolgam <\/strong><\/p>\n<p>Apesar da escolha dada, h&aacute; informa&ccedil;&otilde;es de que os radiodifusores n&atilde;o est&atilde;o muito animados com os primeiros testes com o Iboc, por conta do <em>delay<\/em>. Segundo N&eacute;lia, o digital apresenta um atraso (chamado <em>delay<\/em>) de oito segundos em rela&ccedil;&atilde;o ao anal&oacute;gico, que, na fase de transi&ccedil;&atilde;o, quando os dois sistemas conviver&atilde;o por algum tempo, o ouvinte perceber&aacute;. &ldquo;Voc&ecirc; come&ccedil;a a ouvir uma not&iacute;cia, a&iacute; sai do digital, passa para o anal&oacute;gico e o anal&oacute;gico j&aacute; est&aacute; l&aacute; na frente, pulando uma parte da not&iacute;cia. A sensa&ccedil;&atilde;o &eacute; de que h&aacute; um avan&ccedil;o no tempo. Mas quando se d&aacute; o contr&aacute;rio, com a queda do sinal digital e o retorno para o anal&oacute;gico, o ouvinte &eacute; obrigado a escutar a repeti&ccedil;&atilde;o da fala do locutor pelos mesmos oito segundos&rdquo;, explica. <\/p>\n<p>O Iboc &eacute; uma tecnologia cara e que ocupa uma faixa larga do espectro. Tanto que a empresa Ibiquity, propriet&aacute;ria do padr&atilde;o Iboc, pediu &agrave; Comiss&atilde;o Federal de Comunica&ccedil;&otilde;es, ag&ecirc;ncia reguladora dos setores de radiodifus&atilde;o e telecomunica&ccedil;&otilde;es nos EUA, a amplia&ccedil;&atilde;o do uso de espectro de 200 kHz para 250kHz. (<a href=\"http:\/\/www.fndc.org.br\/internas.php?p=noticias&amp;cont_key=78082\">leia mat&eacute;ria<\/a>). Se a amplia&ccedil;&atilde;o da banda digital &eacute; requisito t&eacute;cnico para que o sistema funcione sem interfer&ecirc;ncia, o aumento da faixa concedido a uma emissora significar&aacute; que outras ter&atilde;o que sair para dar espa&ccedil;o a ela. Considerando ainda o alto custo de implanta&ccedil;&atilde;o dessa tecnologia, pode-se deduzir que cair&atilde;o fora do espectro as pequenas r&aacute;dios comerciais, as comunit&aacute;rias e as educativas. <\/p>\n<p>A pesquisadora da UnB esclarece que, para ser disseminada, uma nova tecnologia passa por aceleradores e freios de acordo com a ind&uacute;stria, o poder econ&ocirc;mico, press&otilde;es competitivas e pol&iacute;ticas em confronto naquele momento. &ldquo;Atualmente, as r&aacute;dios est&atilde;o tentando entender como funciona essa tecnologia. Falta capacita&ccedil;&atilde;o t&eacute;cnica e em muitas r&aacute;dios ser&aacute; necess&aacute;rio trocar os transmissores. A r&aacute;dio Globo em SP ainda funciona com transmissores anal&oacute;gicos&rdquo;, lembra. N&eacute;lia pondera, entretanto, que por mais que a tend&ecirc;ncia seja a indica&ccedil;&atilde;o do Iboc, &eacute; prov&aacute;vel que se abra espa&ccedil;o para o padr&atilde;o aberto europeu DRM (<em>Digital Radio Mondiale<\/em>), por exemplo, para atender &agrave;s emissoras p&uacute;blicas. Quanto &agrave;s comunit&aacute;rias, diz, &ldquo;pouco se fala e n&atilde;o parece ser uma preocupa&ccedil;&atilde;o no momento&rdquo;. <\/p>\n<p>&nbsp;<\/p>\n<p><img loading=\"lazy\" decoding=\"async\" style=\"width: 13px; height: 16px\" src=\"images\/stories\/politica_publicacoes\/c_invertido.png\" alt=\"Active Image\" width=\"13\" height=\"16\" \/><\/p>\n<p>&nbsp;<\/p>\n","protected":false},"excerpt":{"rendered":"<p>Enquanto as especifica\u00e7\u00f5es t\u00e9cnicas e os crit\u00e9rios diplom\u00e1ticos de coopera\u00e7\u00e3o entre Brasil e Jap\u00e3o para a implementa\u00e7\u00e3o da TV digital ainda patinam, a escolha do padr\u00e3o de r\u00e1dio digital, ao que tudo indica, pode atingir um grande feito: ser pior que a da televis\u00e3o.<\/p>\n","protected":false},"author":1,"featured_media":0,"comment_status":"open","ping_status":"open","sticky":false,"template":"","format":"standard","meta":{"footnotes":""},"categories":[40],"tags":[78],"_links":{"self":[{"href":"https:\/\/obscom.intervozes.org.br\/index.php?rest_route=\/wp\/v2\/posts\/18107"}],"collection":[{"href":"https:\/\/obscom.intervozes.org.br\/index.php?rest_route=\/wp\/v2\/posts"}],"about":[{"href":"https:\/\/obscom.intervozes.org.br\/index.php?rest_route=\/wp\/v2\/types\/post"}],"author":[{"embeddable":true,"href":"https:\/\/obscom.intervozes.org.br\/index.php?rest_route=\/wp\/v2\/users\/1"}],"replies":[{"embeddable":true,"href":"https:\/\/obscom.intervozes.org.br\/index.php?rest_route=%2Fwp%2Fv2%2Fcomments&post=18107"}],"version-history":[{"count":0,"href":"https:\/\/obscom.intervozes.org.br\/index.php?rest_route=\/wp\/v2\/posts\/18107\/revisions"}],"wp:attachment":[{"href":"https:\/\/obscom.intervozes.org.br\/index.php?rest_route=%2Fwp%2Fv2%2Fmedia&parent=18107"}],"wp:term":[{"taxonomy":"category","embeddable":true,"href":"https:\/\/obscom.intervozes.org.br\/index.php?rest_route=%2Fwp%2Fv2%2Fcategories&post=18107"},{"taxonomy":"post_tag","embeddable":true,"href":"https:\/\/obscom.intervozes.org.br\/index.php?rest_route=%2Fwp%2Fv2%2Ftags&post=18107"}],"curies":[{"name":"wp","href":"https:\/\/api.w.org\/{rel}","templated":true}]}}