{"id":18104,"date":"2007-03-07T18:56:48","date_gmt":"2007-03-07T18:56:48","guid":{"rendered":"https:\/\/obscom.intervozes.org.br\/wordpress\/?p=18104"},"modified":"2007-03-07T18:56:48","modified_gmt":"2007-03-07T18:56:48","slug":"radios-comunitarias-de-sao-paulo-aguardam-chance-de-concessao","status":"publish","type":"post","link":"https:\/\/obscom.intervozes.org.br\/?p=18104","title":{"rendered":"R\u00e1dios comunit\u00e1rias de S\u00e3o Paulo aguardam chance de concess\u00e3o"},"content":{"rendered":"<p>S&atilde;o Paulo &#8211; O prazo para que associa&ccedil;&otilde;es comunit&aacute;rias do munic&iacute;pio de S&atilde;o Paulo pe&ccedil;am ao Minist&eacute;rio das Comunica&ccedil;&otilde;es uma concess&atilde;o para operar uma r&aacute;dio comunit&aacute;ria na cidade se encerrou hoje (5). Em 45 dias, o minist&eacute;rio deve publicar um mapa com a localiza&ccedil;&atilde;o geogr&aacute;fica de todas associa&ccedil;&otilde;es que pleiteiam a concess&atilde;o. <\/p>\n<p>A Associa&ccedil;&atilde;o Cultural e Comunit&aacute;ria Flor do Morro, uma das muitas associa&ccedil;&otilde;es comunit&aacute;rias da periferia paulistana, sediada na Zona Leste, no bairro da Vila Alpina, deu entrada em 1998 no minist&eacute;rio com o pedido de regulariza&ccedil;&atilde;o de sua r&aacute;dio. Nove anos mais tarde, a entidade poder&aacute; conseguir obter a legaliza&ccedil;&atilde;o da emissora. &#39;Sentimos a necessidade de um canal de comunica&ccedil;&atilde;o &aacute;gil e barato. E tamb&eacute;m para integrar as v&aacute;rias entidades sociais, associa&ccedil;&atilde;o de amigos de bairros, pastorais sociais, movimentos populares e a integra&ccedil;&atilde;o dapr&oacute;pria comunidade&#39;, explica Antonio Zanon, um dos idealizadores da r&aacute;dio. <\/p>\n<p>A r&aacute;dio foi planejada por um grupo de aproximadamente 15 pessoas em 1995. Apesar da inten&ccedil;&atilde;o de se regularizar, a entidade nunca foi autorizada a funcionar. &#39;Achamos que todos t&ecirc;m o direito de ser bem informado, sobretudo o que acontece na comunidade, fato que nem sempre os grandes meios de comunica&ccedil;&atilde;o fazem acontecer. Eles n&atilde;o v&atilde;o se preocupar com as coisinhas, entre aspas, que est&aacute; acontecendo no bairro&#39;, diz Zanon. As inscri&ccedil;&otilde;es foram abertas no &uacute;ltimo dia 7 de dezembro. Essa foi a primeira vez que o governo federal abriu a possibilidade da regulariza&ccedil;&atilde;o de r&aacute;dios comunit&aacute;rias na cidade. At&eacute; o momento, n&atilde;o &eacute; poss&iacute;vel saber quantas entidades fizeram a requisi&ccedil;&atilde;o ao minist&eacute;rio. <\/p>\n<p>&nbsp;<\/p>\n<p><img loading=\"lazy\" decoding=\"async\" style=\"width: 20px; height: 21px\" src=\"images\/stories\/politica_publicacoes\/cc.png\" alt=\"Active Image\" width=\"20\" height=\"21\" \/><img loading=\"lazy\" decoding=\"async\" style=\"width: 22px; height: 22px\" src=\"images\/stories\/politica_publicacoes\/derivadas.png\" alt=\"Active Image\" width=\"22\" height=\"22\" \/><img loading=\"lazy\" decoding=\"async\" style=\"width: 23px; height: 21px\" src=\"images\/stories\/politica_publicacoes\/atribuicao.png\" alt=\"Active Image\" width=\"23\" height=\"21\" \/><img loading=\"lazy\" decoding=\"async\" style=\"width: 20px; height: 20px\" src=\"images\/stories\/politica_publicacoes\/partilha.png\" alt=\"Active Image\" width=\"20\" height=\"20\" \/><\/p>\n","protected":false},"excerpt":{"rendered":"<p>S&atilde;o Paulo &#8211; O prazo para que associa&ccedil;&otilde;es comunit&aacute;rias do munic&iacute;pio de S&atilde;o Paulo pe&ccedil;am ao Minist&eacute;rio das Comunica&ccedil;&otilde;es uma concess&atilde;o para operar uma r&aacute;dio comunit&aacute;ria na cidade se encerrou hoje (5). Em 45 dias, o minist&eacute;rio deve publicar um mapa com a localiza&ccedil;&atilde;o geogr&aacute;fica de todas associa&ccedil;&otilde;es que pleiteiam a concess&atilde;o. A Associa&ccedil;&atilde;o Cultural &hellip; <a href=\"https:\/\/obscom.intervozes.org.br\/?p=18104\" class=\"more-link\">Continue lendo <span class=\"screen-reader-text\">R\u00e1dios comunit\u00e1rias de S\u00e3o Paulo aguardam chance de concess\u00e3o<\/span> <span class=\"meta-nav\">&rarr;<\/span><\/a><\/p>\n","protected":false},"author":1,"featured_media":0,"comment_status":"open","ping_status":"open","sticky":false,"template":"","format":"standard","meta":{"footnotes":""},"categories":[40],"tags":[60],"_links":{"self":[{"href":"https:\/\/obscom.intervozes.org.br\/index.php?rest_route=\/wp\/v2\/posts\/18104"}],"collection":[{"href":"https:\/\/obscom.intervozes.org.br\/index.php?rest_route=\/wp\/v2\/posts"}],"about":[{"href":"https:\/\/obscom.intervozes.org.br\/index.php?rest_route=\/wp\/v2\/types\/post"}],"author":[{"embeddable":true,"href":"https:\/\/obscom.intervozes.org.br\/index.php?rest_route=\/wp\/v2\/users\/1"}],"replies":[{"embeddable":true,"href":"https:\/\/obscom.intervozes.org.br\/index.php?rest_route=%2Fwp%2Fv2%2Fcomments&post=18104"}],"version-history":[{"count":0,"href":"https:\/\/obscom.intervozes.org.br\/index.php?rest_route=\/wp\/v2\/posts\/18104\/revisions"}],"wp:attachment":[{"href":"https:\/\/obscom.intervozes.org.br\/index.php?rest_route=%2Fwp%2Fv2%2Fmedia&parent=18104"}],"wp:term":[{"taxonomy":"category","embeddable":true,"href":"https:\/\/obscom.intervozes.org.br\/index.php?rest_route=%2Fwp%2Fv2%2Fcategories&post=18104"},{"taxonomy":"post_tag","embeddable":true,"href":"https:\/\/obscom.intervozes.org.br\/index.php?rest_route=%2Fwp%2Fv2%2Ftags&post=18104"}],"curies":[{"name":"wp","href":"https:\/\/api.w.org\/{rel}","templated":true}]}}