{"id":18098,"date":"2007-03-06T16:00:19","date_gmt":"2007-03-06T16:00:19","guid":{"rendered":"https:\/\/obscom.intervozes.org.br\/wordpress\/?p=18098"},"modified":"2015-08-30T01:38:03","modified_gmt":"2015-08-30T01:38:03","slug":"ministerio-da-justica-edita-portaria-sobre-classificacao-indicativa","status":"publish","type":"post","link":"https:\/\/obscom.intervozes.org.br\/?p=18098","title":{"rendered":"Minist\u00e9rio da Justi\u00e7a edita portaria sobre classifica\u00e7\u00e3o indicativa"},"content":{"rendered":"<p><span>O Minist&eacute;rio da Justi&ccedil;a editou a Portaria 264, no dia 9 de fevereiro de 2007, que visa regulamentar o novo procedimento de classifica&ccedil;&atilde;o indicativa da televis&atilde;o aberta.<\/span><span>&nbsp;<\/span>&nbsp;<\/p>\n<p><span>A portaria foi precedida por um amplo debate que envolveu a realiza&ccedil;&atilde;o de uma consulta p&uacute;blica com milhares de manifesta&ccedil;&otilde;es, audi&ecirc;ncias p&uacute;blicas nas principais capitais do pa&iacute;s, um estudo comparativo com a realidade de outros pa&iacute;ses (Argentina, Austr&aacute;lia, Estados Unidos, Fran&ccedil;a, entre outros), um semin&aacute;rio em Bras&iacute;lia e a publica&ccedil;&atilde;o de um livro.<\/span><span>&nbsp;<\/span>&nbsp;<\/p>\n<p><span>A portaria visa regular os artigos 220 (&quot;compete &agrave; lei federal: I &#8211; regular as divers&otilde;es e espet&aacute;culos p&uacute;blicos, cabendo ao poder p&uacute;blico informar sobre a natureza deles, as faixas et&aacute;rias a que n&atilde;o se recomendem, locais e hor&aacute;rios em que sua apresenta&ccedil;&atilde;o se mostre inadequada&quot;) e 227 (&quot;&eacute; dever da fam&iacute;lia, da sociedade e do Estado assegurar &agrave; crian&ccedil;a e ao adolescente, com absoluta prioridade, o direito &agrave; vida, &agrave; sa&uacute;de, &agrave; alimenta&ccedil;&atilde;o, &agrave; educa&ccedil;&atilde;o, ao lazer, &agrave; profissionaliza&ccedil;&atilde;o, &agrave; cultura, &agrave; dignidade, ao respeito, &agrave; liberdade e &agrave; conviv&ecirc;ncia familiar e comunit&aacute;ria, al&eacute;m de coloc&aacute;-los a salvo de toda forma de neglig&ecirc;ncia, discrimina&ccedil;&atilde;o, explora&ccedil;&atilde;o, viol&ecirc;ncia, crueldade e opress&atilde;o&quot;) da Constitui&ccedil;&atilde;o Federal e o artigo 74 do Estatuto da Crian&ccedil;a e do Adolescente (&quot;o poder p&uacute;blico, atrav&eacute;s do &oacute;rg&atilde;o competente, regular&aacute; as divers&otilde;es e espet&aacute;culos p&uacute;blicos, informando sobre a natureza deles, as faixas et&aacute;rias a que n&atilde;o se recomendem, locais e hor&aacute;rios em que sua apresenta&ccedil;&atilde;o se mostre inadequada.&quot;).<\/span><span>&nbsp;<\/span>&nbsp;<\/p>\n<p><strong><span>Como funciona<\/span><span>&nbsp;<\/span>&nbsp;<br \/><\/strong><br \/><span>N&atilde;o sofrer&atilde;o os efeitos da classifica&ccedil;&atilde;o os programas jornal&iacute;sticos, aqueles transmitidos ao vivo e a publicidade. <\/span><span>&nbsp;<\/span>&nbsp;<\/p>\n<p><span>S&atilde;o as pr&oacute;prias emissoras que comunicar&atilde;o ao Minist&eacute;rio da Justi&ccedil;a a classifica&ccedil;&atilde;o de cada programa. Apenas se houver reclama&ccedil;&otilde;es em um per&iacute;odo de at&eacute; 60 dias &eacute; que o governo poder&aacute; tomar algum tipo de provid&ecirc;ncia. <\/span><span>&nbsp;<\/span>&nbsp;<\/p>\n<p><span>Os programas ser&atilde;o classificados como &quot;especialmente recomendados para crian&ccedil;as e adolescentes&quot;, &quot;livres&quot;,&quot;n&atilde;o recomendados para menores de 10 anos&quot;, n&atilde;o recomendados para menores de 12 anos&quot; e assim sucessivamente at&eacute; 18 anos. Ap&oacute;s as 23h n&atilde;o haver&aacute; mais classifica&ccedil;&atilde;o por faixa et&aacute;ria. <\/span><span>&nbsp;<\/span>&nbsp;<span>A portaria foi defendida publicamente pela TVE, Radiobras e MTV.&nbsp;<\/span><span>&nbsp;<\/span>&nbsp;<\/p>\n<p><span><strong>Fuso hor&aacute;rio<\/strong>&nbsp;<\/span><span>&nbsp;<\/span><\/p>\n<p><span>O que desagradou mesmo as emissoras de TV foi a obriga&ccedil;&atilde;o delas respeitarem os fusos hor&aacute;rios brasileiros. Isso porque, com a pr&aacute;tica de rede nacional, e durante o hor&aacute;rio de ver&atilde;o, um programa transmitido &agrave;s 21h termina sendo exibido no Acre &agrave;s 18h. O respeito aos fusos hor&aacute;rios j&aacute; &eacute; adotado, por exemplo, nos Estados Unidos. <\/span><span>&nbsp;<\/span>&nbsp;<\/p>\n<p><span>&gt;&gt; Sem abrir espa&ccedil;o para o debate em seus programas, a Rede Globo lan&ccedil;ou vinhetas que afirmam que a classifica&ccedil;&atilde;o indicativa seria uma forma velada de censura. O mesmo fez o jornal O Globo, que entrevistou artistas e diretores que criticavam a portaria, mas n&atilde;o chegou a ouvir seus defensores. Quem pratica censura? <\/span><\/p>\n<p><span>&nbsp;<img loading=\"lazy\" decoding=\"async\" style=\"width: 30px; height: 30px\" src=\"images\/stories\/politica_publicacoes\/c_invertido.png\" alt=\"Active Image\" width=\"30\" height=\"30\" \/><\/span><\/p>\n<p>&nbsp;<\/p>\n","protected":false},"excerpt":{"rendered":"<p>O Minist&eacute;rio da Justi&ccedil;a editou a Portaria 264, no dia 9 de fevereiro de 2007, que visa regulamentar o novo procedimento de classifica&ccedil;&atilde;o indicativa da televis&atilde;o aberta.&nbsp;&nbsp; A portaria foi precedida por um amplo debate que envolveu a realiza&ccedil;&atilde;o de uma consulta p&uacute;blica com milhares de manifesta&ccedil;&otilde;es, audi&ecirc;ncias p&uacute;blicas nas principais capitais do pa&iacute;s, um &hellip; <a href=\"https:\/\/obscom.intervozes.org.br\/?p=18098\" class=\"more-link\">Continue lendo <span class=\"screen-reader-text\">Minist\u00e9rio da Justi\u00e7a edita portaria sobre classifica\u00e7\u00e3o indicativa<\/span> <span class=\"meta-nav\">&rarr;<\/span><\/a><\/p>\n","protected":false},"author":1,"featured_media":0,"comment_status":"open","ping_status":"open","sticky":false,"template":"","format":"standard","meta":{"footnotes":""},"categories":[33],"tags":[],"_links":{"self":[{"href":"https:\/\/obscom.intervozes.org.br\/index.php?rest_route=\/wp\/v2\/posts\/18098"}],"collection":[{"href":"https:\/\/obscom.intervozes.org.br\/index.php?rest_route=\/wp\/v2\/posts"}],"about":[{"href":"https:\/\/obscom.intervozes.org.br\/index.php?rest_route=\/wp\/v2\/types\/post"}],"author":[{"embeddable":true,"href":"https:\/\/obscom.intervozes.org.br\/index.php?rest_route=\/wp\/v2\/users\/1"}],"replies":[{"embeddable":true,"href":"https:\/\/obscom.intervozes.org.br\/index.php?rest_route=%2Fwp%2Fv2%2Fcomments&post=18098"}],"version-history":[{"count":1,"href":"https:\/\/obscom.intervozes.org.br\/index.php?rest_route=\/wp\/v2\/posts\/18098\/revisions"}],"predecessor-version":[{"id":29035,"href":"https:\/\/obscom.intervozes.org.br\/index.php?rest_route=\/wp\/v2\/posts\/18098\/revisions\/29035"}],"wp:attachment":[{"href":"https:\/\/obscom.intervozes.org.br\/index.php?rest_route=%2Fwp%2Fv2%2Fmedia&parent=18098"}],"wp:term":[{"taxonomy":"category","embeddable":true,"href":"https:\/\/obscom.intervozes.org.br\/index.php?rest_route=%2Fwp%2Fv2%2Fcategories&post=18098"},{"taxonomy":"post_tag","embeddable":true,"href":"https:\/\/obscom.intervozes.org.br\/index.php?rest_route=%2Fwp%2Fv2%2Ftags&post=18098"}],"curies":[{"name":"wp","href":"https:\/\/api.w.org\/{rel}","templated":true}]}}