{"id":18090,"date":"2007-03-05T20:11:35","date_gmt":"2007-03-05T20:11:35","guid":{"rendered":"https:\/\/obscom.intervozes.org.br\/wordpress\/?p=18090"},"modified":"2007-03-05T20:11:35","modified_gmt":"2007-03-05T20:11:35","slug":"iboc-aumenta-taxa-para-uso-do-radio-digital","status":"publish","type":"post","link":"https:\/\/obscom.intervozes.org.br\/?p=18090","title":{"rendered":"Iboc aumenta taxa para uso do r\u00e1dio digital"},"content":{"rendered":"<p>A empresa respons&aacute;vel pelo padr&atilde;o de r&aacute;dio digital IBOC (In Band on Channel) anunciou aumento da taxa de licenciamento das emissoras para junho deste ano. A medida deve apressar a ado&ccedil;&atilde;o do padr&atilde;o pelas r&aacute;dios no Brasil, o que aumentaria a press&atilde;o do mercado pela ado&ccedil;&atilde;o do IBOC como padr&atilde;o a ser utilizado no pa&iacute;s, sem haver antes um debate sobre o tema.<\/p>\n<p>A iBiquity Digital, respons&aacute;vel pelo padr&atilde;o IBOC, anunciou em fevereiro um novo programa de incentivo de licenciamento para as emissoras de r&aacute;dio. O novo valor &eacute; de US$10 mil por esta&ccedil;&atilde;o, com pagamento de US$2 mil at&eacute; 30 de setembro de 2007 e o restante quando o sistema for implementado. Para aproveitar a &ldquo;promo&ccedil;&atilde;o&rdquo;, segundo a publica&ccedil;&atilde;o Radio Magazine (<a href=\"http:\/\/beradio.com\/eyeoniboc\/ibiquity-new-licensing-program-0221\/\">leia aqui<\/a>), &eacute; necess&aacute;rio que as emissoras mudem sua transmiss&atilde;o para o padr&atilde;o em pelo menos uma esta&ccedil;&atilde;o da rede at&eacute; 31 de dezembro de 2007. Em junho deste ano, a taxa aumenta para US$ 15 mil por esta&ccedil;&atilde;o e US$ 25 mil julho de 2008. A escolha do sistema americano para o r&aacute;dio digital pode inviabilizar as r&aacute;dios comunit&aacute;rias e pequenas r&aacute;dios comerciais existentes no pa&iacute;s, posto que o IBOC exige pagamento permanente de royalties &agrave; iBiquity. <\/p>\n<p><strong>O avan&ccedil;o do IBOC<\/strong><\/p>\n<p>Em 2005, sem qualquer estudo mais profundo da Anatel ou do Minist&eacute;rio das Comunica&ccedil;&otilde;es, o ministro H&eacute;lio Costa autorizou que algumas emissoras utilizassem o padr&atilde;o em transmiss&otilde;es-piloto. At&eacute; 13 de novembro do ano passado, apenas sete das 15 emissoras haviam entregue o relat&oacute;rio inicial com informa&ccedil;&otilde;es completas pedido pela ag&ecirc;ncia. Outras sete emissoras t&ecirc;m que apresentar os resultados em 2007, de acordo com mat&eacute;ria do Tele.S&iacute;ntese (<a href=\"http:\/\/www.fndc.org.br\/internas.php?p=noticias&amp;cont_key=109626\">leia aqui<\/a>).<\/p>\n<p>Em outubro do ano passado, Costa defendeu abertamente a ado&ccedil;&atilde;o do padr&atilde;o americano (<a href=\"http:\/\/www.fndc.org.br\/internas.php?p=noticias&amp;cont_key=102769\">leia mat&eacute;ria<\/a>), favorecendo os objetivos da Associa&ccedil;&atilde;o Brasileira de Emissoras de R&aacute;dio e Televis&atilde;o (Abert). O ministro declarou estar &quot;absolutamente convencido&rdquo; que sistema americano para o r&aacute;dio digital &eacute; o melhor. &quot;Da mesma forma que decidimos pela t&eacute;cnica e efici&ecirc;ncia do padr&atilde;o japon&ecirc;s, n&oacute;s come&ccedil;amos a entender que a melhor solu&ccedil;&atilde;o para o sistema de r&aacute;dio &eacute; o americano&quot;, afirmou.<\/p>\n<p><strong>Na trilha da TV Digital<\/strong><\/p>\n<p>O que se observa no processo da digitaliza&ccedil;&atilde;o do r&aacute;dio, segue o rumo da escolha de padr&atilde;o para a TV digital no pa&iacute;s. Observa-se a for&ccedil;a do lobby das empresas de radiodifus&atilde;o, representadas pela Abert, sem haver um debate com entidades do setor e da sociedade. No ano passado, o Comit&ecirc; Consultivo do Sistema Brasileiro de TV Digital (SBTVD), do qual participavam entidades da sociedade civil, foi esvaziado (<a href=\"http:\/\/www.fndc.org.br\/internas.php?p=noticias&amp;cont_key=86439\">leia mat&eacute;<\/a>ria). Anunciou-se a escolha do modelo japon&ecirc;s ISDB-T, que privilegia a transmiss&atilde;o em alta defini&ccedil;&atilde;o. Em janeiro, o F&oacute;rum Brasileiro de TV Digital apresentou detalhes do Sistema Brasileiro de TV Digital, agora chamado de ISDTV (<a href=\"http:\/\/www.fndc.org.br\/internas.php?p=noticias&amp;cont_key=124931\">leia detalhes<\/a>).<\/p>\n<p>&nbsp;<\/p>\n<p><img loading=\"lazy\" decoding=\"async\" style=\"width: 31px; height: 30px\" src=\"images\/stories\/politica_publicacoes\/c_invertido.png\" alt=\"Active Image\" width=\"31\" height=\"30\" \/><\/p>\n","protected":false},"excerpt":{"rendered":"<p>A empresa respons\u00e1vel pelo padr\u00e3o de r\u00e1dio digital IBOC (In Band on Channel) anunciou aumento da taxa de licenciamento das emissoras para junho deste ano. A medida deve aumentar a press\u00e3o para a ado\u00e7\u00e3o oficial do padr\u00e3o, que vai inviabilizar as r\u00e1dios comunit\u00e1rias.<\/p>\n","protected":false},"author":1,"featured_media":0,"comment_status":"open","ping_status":"open","sticky":false,"template":"","format":"standard","meta":{"footnotes":""},"categories":[40],"tags":[136],"_links":{"self":[{"href":"https:\/\/obscom.intervozes.org.br\/index.php?rest_route=\/wp\/v2\/posts\/18090"}],"collection":[{"href":"https:\/\/obscom.intervozes.org.br\/index.php?rest_route=\/wp\/v2\/posts"}],"about":[{"href":"https:\/\/obscom.intervozes.org.br\/index.php?rest_route=\/wp\/v2\/types\/post"}],"author":[{"embeddable":true,"href":"https:\/\/obscom.intervozes.org.br\/index.php?rest_route=\/wp\/v2\/users\/1"}],"replies":[{"embeddable":true,"href":"https:\/\/obscom.intervozes.org.br\/index.php?rest_route=%2Fwp%2Fv2%2Fcomments&post=18090"}],"version-history":[{"count":0,"href":"https:\/\/obscom.intervozes.org.br\/index.php?rest_route=\/wp\/v2\/posts\/18090\/revisions"}],"wp:attachment":[{"href":"https:\/\/obscom.intervozes.org.br\/index.php?rest_route=%2Fwp%2Fv2%2Fmedia&parent=18090"}],"wp:term":[{"taxonomy":"category","embeddable":true,"href":"https:\/\/obscom.intervozes.org.br\/index.php?rest_route=%2Fwp%2Fv2%2Fcategories&post=18090"},{"taxonomy":"post_tag","embeddable":true,"href":"https:\/\/obscom.intervozes.org.br\/index.php?rest_route=%2Fwp%2Fv2%2Ftags&post=18090"}],"curies":[{"name":"wp","href":"https:\/\/api.w.org\/{rel}","templated":true}]}}