{"id":18086,"date":"2007-03-05T19:44:58","date_gmt":"2007-03-05T19:44:58","guid":{"rendered":"https:\/\/obscom.intervozes.org.br\/wordpress\/?p=18086"},"modified":"2007-03-05T19:44:58","modified_gmt":"2007-03-05T19:44:58","slug":"especificacoes-para-tv-digital-devem-sair-em-breve","status":"publish","type":"post","link":"https:\/\/obscom.intervozes.org.br\/?p=18086","title":{"rendered":"Especifica\u00e7\u00f5es para TV digital devem sair em breve"},"content":{"rendered":"<p>O F&oacute;rum do Sistema Brasileiro de TV Digital conclui nos pr&oacute;ximos dias as especifica&ccedil;&otilde;es t&eacute;cnicas para o padr&atilde;o nipo-brasileiro. S&atilde;o estas especifica&ccedil;&otilde;es que determinar&atilde;o os requisitos t&eacute;cnicos a serem atendidos pelo sistema, como interatividade, tipo de compress&atilde;o e protocolos. A id&eacute;ia do F&oacute;rum &eacute; encaminhar o texto para o governo nas pr&oacute;ximas semanas e, caso haja diverg&ecirc;ncias, deixar a decis&atilde;o a cargo do comit&ecirc; de ministros.<\/p>\n<p>A posi&ccedil;&atilde;o do F&oacute;rum &eacute; de que a interatividade esteja contemplada na TV digital brasileira desde o princ&iacute;pio, assim como o padr&atilde;o de compress&atilde;o MPG 4 para &aacute;udio e v&iacute;deo.&nbsp; A quest&atilde;o &eacute; descobrir se a escolha pelo MPG 4 consegue viabilizar os conversores a R$ 100, como pretende o governo. Estudos do Laborat&oacute;rio de Sistemas Integr&aacute;veis (LSI) da Universidade de S&atilde;o Paulo v&ecirc;m mostrando que os pre&ccedil;os das duas tecnologias &ndash; MPG 2 e MPG 4 &ndash; tendem a se equivaler nos pr&oacute;ximos dois anos, por conta da queda no pre&ccedil;o dos componentes. O estudo se baseia em uma demanda estimada em 10 milh&otilde;es de conversores em dois anos, como projeta o Banco Nacional de Desenvolvimento Econ&ocirc;mico e Social (BNDES).<\/p>\n<p>A variante ainda est&aacute; na quest&atilde;o tribut&aacute;ria, uma vez que o programa de incentivo lan&ccedil;ado pelo governo federal s&oacute; atende &agrave; Zona Franca de Manaus, deixando de fora os fabricantes das regi&otilde;es Sudeste e Sul. <\/p>\n<p>As especifica&ccedil;&otilde;es t&eacute;cnicas n&atilde;o definir&atilde;o qual ser&aacute; o canal de retorno a ser usado pela TV digital. Em princ&iacute;pio, a id&eacute;ia &eacute; deixar espa&ccedil;o para que v&aacute;rios meios sejam utilizados. O LSI defende a ado&ccedil;&atilde;o do protocolo IPv6 dentro da norma do canal de retorno. Trata-se de um protocolo de internet que deve substituir o padr&atilde;o em uso atualmente, que &eacute; o IPv4, fadado a morrer pela previs&atilde;o de exaust&atilde;o de endere&ccedil;os dispon&iacute;veis. <\/p>\n<p>O LSI encaminhou uma carta aos membros do F&oacute;rum defendendo que os conversores da TV digital contenham tal protocolo, juntamente com o IPv4. A norma atual prev&ecirc; apenas o padr&atilde;o atual e faculta a implementa&ccedil;&atilde;o do IPv6. &ldquo;Caso a norma n&atilde;o seja atualizada a arquitetura do SBTVD ser&aacute; fragmentada em diversas sub-redes privadas, impedindo a utiliza&ccedil;&atilde;o do modelo fim-a-fim da internet nas aplica&ccedil;&otilde;es interativas da TV digital&rdquo;, diz o texto.<\/p>\n<p><img loading=\"lazy\" decoding=\"async\" style=\"width: 28px; height: 25px\" src=\"images\/stories\/politica_publicacoes\/c_normal.png\" alt=\"Active Image\" width=\"28\" height=\"25\" \/><\/p>\n<p>&nbsp;<\/p>\n","protected":false},"excerpt":{"rendered":"<p>O F\u00f3rum do Sistema Brasileiro de TV Digital conclui nos pr\u00f3ximos dias as especifica\u00e7\u00f5es t\u00e9cnicas para o padr\u00e3o nipo-brasileiro. S\u00e3o estas especifica\u00e7\u00f5es que determinar\u00e3o os requisitos t\u00e9cnicos a serem atendidos pelo sistema.<\/p>\n","protected":false},"author":1,"featured_media":0,"comment_status":"open","ping_status":"open","sticky":false,"template":"","format":"standard","meta":{"footnotes":""},"categories":[40],"tags":[99],"_links":{"self":[{"href":"https:\/\/obscom.intervozes.org.br\/index.php?rest_route=\/wp\/v2\/posts\/18086"}],"collection":[{"href":"https:\/\/obscom.intervozes.org.br\/index.php?rest_route=\/wp\/v2\/posts"}],"about":[{"href":"https:\/\/obscom.intervozes.org.br\/index.php?rest_route=\/wp\/v2\/types\/post"}],"author":[{"embeddable":true,"href":"https:\/\/obscom.intervozes.org.br\/index.php?rest_route=\/wp\/v2\/users\/1"}],"replies":[{"embeddable":true,"href":"https:\/\/obscom.intervozes.org.br\/index.php?rest_route=%2Fwp%2Fv2%2Fcomments&post=18086"}],"version-history":[{"count":0,"href":"https:\/\/obscom.intervozes.org.br\/index.php?rest_route=\/wp\/v2\/posts\/18086\/revisions"}],"wp:attachment":[{"href":"https:\/\/obscom.intervozes.org.br\/index.php?rest_route=%2Fwp%2Fv2%2Fmedia&parent=18086"}],"wp:term":[{"taxonomy":"category","embeddable":true,"href":"https:\/\/obscom.intervozes.org.br\/index.php?rest_route=%2Fwp%2Fv2%2Fcategories&post=18086"},{"taxonomy":"post_tag","embeddable":true,"href":"https:\/\/obscom.intervozes.org.br\/index.php?rest_route=%2Fwp%2Fv2%2Ftags&post=18086"}],"curies":[{"name":"wp","href":"https:\/\/api.w.org\/{rel}","templated":true}]}}