{"id":18084,"date":"2007-03-01T18:58:11","date_gmt":"2007-03-01T18:58:11","guid":{"rendered":"https:\/\/obscom.intervozes.org.br\/wordpress\/?p=18084"},"modified":"2016-06-01T17:58:50","modified_gmt":"2016-06-01T17:58:50","slug":"juiz-da-voz-de-prisao-a-reporter-sem-diploma-2","status":"publish","type":"post","link":"https:\/\/obscom.intervozes.org.br\/?p=18084","title":{"rendered":"Juiz d\u00e1 voz de pris\u00e3o a rep\u00f3rter sem diploma"},"content":{"rendered":"<p>O rep&oacute;rter Silv&eacute;rio Netto, da r&aacute;dio comunit&aacute;ria Total FM, recebeu ordem de pris&atilde;o do juiz Richard Fernando Silva, do Juizado Especial de Par&aacute; de Minas (MG), por n&atilde;o ter diploma em jornalismo. <\/p>\n<p>A reportagem com a den&uacute;ncia est&aacute; no Portal Comunique-se em <a href=\"http:\/\/www.comunique-se.com.br\/index.asp?p=Conteudo\/NewsShow.asp&amp;p2=idnot%3D33607%26Editoria%3D8%26Op2%3D1%26Op3%3D0%26pid%3D1975713601%26fnt%3Dfntnl\" target=\"_blank\"><font color=\"#003399\">http:\/\/www.comunique-se.com.br\/index.asp?p=Conteudo\/NewsShow.asp&amp;p2=idnot%3D33607%26Editoria%3D8%26Op2%3D1%26Op3%3D0%26pid%3D1975713601%26fnt%3Dfntnl<\/font><\/a><\/p>\n","protected":false},"excerpt":{"rendered":"<p>O rep\u00f3rter Silv\u00e9rio Netto, da r\u00e1dio comunit\u00e1ria Total FM,  recebeu ordem de pris\u00e3o do juiz Richard Fernando Silva, do Juizado Especial de Par\u00e1 de Minas (MG), por n\u00e3o ter diploma em jornalismo. O fato aconteceu em 14\/12\/2006.<\/p>\n","protected":false},"author":1,"featured_media":0,"comment_status":"open","ping_status":"open","sticky":false,"template":"","format":"standard","meta":{"footnotes":""},"categories":[40],"tags":[],"_links":{"self":[{"href":"https:\/\/obscom.intervozes.org.br\/index.php?rest_route=\/wp\/v2\/posts\/18084"}],"collection":[{"href":"https:\/\/obscom.intervozes.org.br\/index.php?rest_route=\/wp\/v2\/posts"}],"about":[{"href":"https:\/\/obscom.intervozes.org.br\/index.php?rest_route=\/wp\/v2\/types\/post"}],"author":[{"embeddable":true,"href":"https:\/\/obscom.intervozes.org.br\/index.php?rest_route=\/wp\/v2\/users\/1"}],"replies":[{"embeddable":true,"href":"https:\/\/obscom.intervozes.org.br\/index.php?rest_route=%2Fwp%2Fv2%2Fcomments&post=18084"}],"version-history":[{"count":1,"href":"https:\/\/obscom.intervozes.org.br\/index.php?rest_route=\/wp\/v2\/posts\/18084\/revisions"}],"predecessor-version":[{"id":29433,"href":"https:\/\/obscom.intervozes.org.br\/index.php?rest_route=\/wp\/v2\/posts\/18084\/revisions\/29433"}],"wp:attachment":[{"href":"https:\/\/obscom.intervozes.org.br\/index.php?rest_route=%2Fwp%2Fv2%2Fmedia&parent=18084"}],"wp:term":[{"taxonomy":"category","embeddable":true,"href":"https:\/\/obscom.intervozes.org.br\/index.php?rest_route=%2Fwp%2Fv2%2Fcategories&post=18084"},{"taxonomy":"post_tag","embeddable":true,"href":"https:\/\/obscom.intervozes.org.br\/index.php?rest_route=%2Fwp%2Fv2%2Ftags&post=18084"}],"curies":[{"name":"wp","href":"https:\/\/api.w.org\/{rel}","templated":true}]}}