{"id":18083,"date":"2007-03-01T18:56:37","date_gmt":"2007-03-01T18:56:37","guid":{"rendered":"https:\/\/obscom.intervozes.org.br\/wordpress\/?p=18083"},"modified":"2016-06-01T17:59:00","modified_gmt":"2016-06-01T17:59:00","slug":"radio-comunitaria-no-acre-e-fechada-pela-pf","status":"publish","type":"post","link":"https:\/\/obscom.intervozes.org.br\/?p=18083","title":{"rendered":"R\u00e1dio comunit\u00e1ria no Acre \u00e9 fechada pela PF"},"content":{"rendered":"<p>V&iacute;deo ilustra a repress&atilde;o &agrave;s r&aacute;dios e comunicadores comunit&aacute;rios no p&aacute;is. O espis&oacute;dio aconteceu na R&aacute;dio Livre Filha da Muda, no Acre, mas se repete em diversos lugares do Brasil.<\/p>\n<p>Veja a den&uacute;ncia em <a href=\"http:\/\/www.youtube.com\/watch?v=u7NiHGM5oLQ\" target=\"_blank\"><font color=\"#003399\">http:\/\/www.youtube.com\/watch?v=u7NiHGM5oLQ<\/font><\/a><\/p>\n","protected":false},"excerpt":{"rendered":"<p>V\u00eddeo ilustra a repress\u00e3o \u00e0s r\u00e1dios e comunicadores comunit\u00e1rios no p\u00e1is. O espis\u00f3dio aconteceu na R\u00e1dio Livre Filha da Muda, no Acre, em 26 de janeiro de 2007. <\/p>\n","protected":false},"author":1,"featured_media":0,"comment_status":"open","ping_status":"open","sticky":false,"template":"","format":"standard","meta":{"footnotes":""},"categories":[40],"tags":[],"_links":{"self":[{"href":"https:\/\/obscom.intervozes.org.br\/index.php?rest_route=\/wp\/v2\/posts\/18083"}],"collection":[{"href":"https:\/\/obscom.intervozes.org.br\/index.php?rest_route=\/wp\/v2\/posts"}],"about":[{"href":"https:\/\/obscom.intervozes.org.br\/index.php?rest_route=\/wp\/v2\/types\/post"}],"author":[{"embeddable":true,"href":"https:\/\/obscom.intervozes.org.br\/index.php?rest_route=\/wp\/v2\/users\/1"}],"replies":[{"embeddable":true,"href":"https:\/\/obscom.intervozes.org.br\/index.php?rest_route=%2Fwp%2Fv2%2Fcomments&post=18083"}],"version-history":[{"count":1,"href":"https:\/\/obscom.intervozes.org.br\/index.php?rest_route=\/wp\/v2\/posts\/18083\/revisions"}],"predecessor-version":[{"id":29434,"href":"https:\/\/obscom.intervozes.org.br\/index.php?rest_route=\/wp\/v2\/posts\/18083\/revisions\/29434"}],"wp:attachment":[{"href":"https:\/\/obscom.intervozes.org.br\/index.php?rest_route=%2Fwp%2Fv2%2Fmedia&parent=18083"}],"wp:term":[{"taxonomy":"category","embeddable":true,"href":"https:\/\/obscom.intervozes.org.br\/index.php?rest_route=%2Fwp%2Fv2%2Fcategories&post=18083"},{"taxonomy":"post_tag","embeddable":true,"href":"https:\/\/obscom.intervozes.org.br\/index.php?rest_route=%2Fwp%2Fv2%2Ftags&post=18083"}],"curies":[{"name":"wp","href":"https:\/\/api.w.org\/{rel}","templated":true}]}}