{"id":18077,"date":"2007-02-26T17:21:55","date_gmt":"2007-02-26T17:21:55","guid":{"rendered":"https:\/\/obscom.intervozes.org.br\/wordpress\/?p=18077"},"modified":"2007-02-26T17:21:55","modified_gmt":"2007-02-26T17:21:55","slug":"brasil-x-japao-impasse-na-tv-digital","status":"publish","type":"post","link":"https:\/\/obscom.intervozes.org.br\/?p=18077","title":{"rendered":"Brasil X Jap\u00e3o: impasse na TV digital"},"content":{"rendered":"<p>Brasileiros e japoneses enfrentam um impasse quanto ao cronograma de reuni&otilde;es  sobre a TV digital. A quest&atilde;o mais grave refere-se &agrave; viagem de um grupo de 13  brasileiros, entre representantes da ind&uacute;stria, emissoras e governo, para o  Jap&atilde;o no pr&oacute;ximo dia 3 de mar&ccedil;o. A programa&ccedil;&atilde;o original inclu&iacute;a a visita a  emissoras de televis&atilde;o, centros de pesquisa e ind&uacute;strias japonesas envolvidas na  fabrica&ccedil;&atilde;o de sistemas para a TV digital. H&aacute; poucos dias, no entanto, os  japoneses informaram que n&atilde;o ser&aacute; poss&iacute;vel visitar as f&aacute;bricas, sob o pretexto  de segredos industriais. A decis&atilde;o causou mal estar entre os brasileiros e parte  do grupo defende o cancelamento da viagem. &ldquo;N&atilde;o h&aacute; porque ir at&eacute; l&aacute; se n&atilde;o  poderemos visitar as ind&uacute;strias&rdquo;, diz o diretor operacional da RF Telavo, Jakson  Sosa, um dos 13 integrantes da comitiva brasileira.  <\/p>\n<p>Ele pondera que a imposi&ccedil;&atilde;o do Jap&atilde;o pode criar uma zona de atrito nas  negocia&ccedil;&otilde;es e defende uma rediscuss&atilde;o do acordo de coopera&ccedil;&atilde;o tecnol&oacute;gica  firmado com o governo japon&ecirc;s. Uma das propostas &eacute; de que a troca de  experi&ecirc;ncias e coopera&ccedil;&atilde;o se d&ecirc; entre centros de pesquisas japoneses e  brasileiros, j&aacute; que os asi&aacute;ticos resistem &agrave;s conversas diretas entre as  ind&uacute;strias. <\/p>\n<p>O acordo assinado no ano passado entre os dois governos &ndash; que selou a escolha  do Brasil pelo padr&atilde;o japon&ecirc;s ISDB &ndash; n&atilde;o &eacute; claro sobre os termos da coopera&ccedil;&atilde;o  tecnol&oacute;gica. &ldquo;O texto apenas encoraja a coopera&ccedil;&atilde;o, mas n&atilde;o diz como ela deve  ser feita&rdquo;, esclarece Sosa.<\/p>\n<p>Outros dois eventos tamb&eacute;m n&atilde;o encontraram consenso entre as partes. Os  japoneses marcaram para 27 e 28 de mar&ccedil;o um workshop no Jap&atilde;o sobre TV digital.  Os brasileiros querem adiar o encontro, para que ele aconte&ccedil;a depois do maior  evento mundial da ind&uacute;stria de televis&atilde;o, a NAB2007, que vai de 14 a 19 de  abril, em Las Vegas. Com isso, seria adiada tamb&eacute;m a Segunda Plen&aacute;ria  Brasil-Jap&atilde;o de TV Digital, que os japoneses marcaram justamente para 13 e 14 de  abril, coincidindo com a NAB2007. O evento, organizado pela National Association  of Broadcasters, &eacute; a maior feira mundial de m&iacute;dia eletr&ocirc;nica e ter&aacute; na TV  digital um de seus focos, assim como a converg&ecirc;ncia tecnol&oacute;gica.<\/p>\n<p>&nbsp;<\/p>\n<p>&nbsp;<\/p>\n","protected":false},"excerpt":{"rendered":"<p>Como j\u00e1 era esperado por organiza\u00e7\u00f5es da sociedade civil cr\u00edticas \u00e0 escolha do padr\u00e3o japon\u00eas para a televis\u00e3o digital, o acordo entre os pa\u00edses n\u00e3o est\u00e1 garantindo o acesso dos pesquisadores brasileiros \u00e0 tecnologia japonesa, fundamental para a soberania nacional.<\/p>\n","protected":false},"author":1,"featured_media":0,"comment_status":"open","ping_status":"open","sticky":false,"template":"","format":"standard","meta":{"footnotes":""},"categories":[40],"tags":[99],"_links":{"self":[{"href":"https:\/\/obscom.intervozes.org.br\/index.php?rest_route=\/wp\/v2\/posts\/18077"}],"collection":[{"href":"https:\/\/obscom.intervozes.org.br\/index.php?rest_route=\/wp\/v2\/posts"}],"about":[{"href":"https:\/\/obscom.intervozes.org.br\/index.php?rest_route=\/wp\/v2\/types\/post"}],"author":[{"embeddable":true,"href":"https:\/\/obscom.intervozes.org.br\/index.php?rest_route=\/wp\/v2\/users\/1"}],"replies":[{"embeddable":true,"href":"https:\/\/obscom.intervozes.org.br\/index.php?rest_route=%2Fwp%2Fv2%2Fcomments&post=18077"}],"version-history":[{"count":0,"href":"https:\/\/obscom.intervozes.org.br\/index.php?rest_route=\/wp\/v2\/posts\/18077\/revisions"}],"wp:attachment":[{"href":"https:\/\/obscom.intervozes.org.br\/index.php?rest_route=%2Fwp%2Fv2%2Fmedia&parent=18077"}],"wp:term":[{"taxonomy":"category","embeddable":true,"href":"https:\/\/obscom.intervozes.org.br\/index.php?rest_route=%2Fwp%2Fv2%2Fcategories&post=18077"},{"taxonomy":"post_tag","embeddable":true,"href":"https:\/\/obscom.intervozes.org.br\/index.php?rest_route=%2Fwp%2Fv2%2Ftags&post=18077"}],"curies":[{"name":"wp","href":"https:\/\/api.w.org\/{rel}","templated":true}]}}