{"id":18076,"date":"2007-02-22T19:46:11","date_gmt":"2007-02-22T19:46:11","guid":{"rendered":"https:\/\/obscom.intervozes.org.br\/wordpress\/?p=18076"},"modified":"2007-02-22T19:46:11","modified_gmt":"2007-02-22T19:46:11","slug":"organizacao-alerta-para-concentracao-da-midia-na-al","status":"publish","type":"post","link":"https:\/\/obscom.intervozes.org.br\/?p=18076","title":{"rendered":"Organiza\u00e7\u00e3o alerta para concentra\u00e7\u00e3o da m\u00eddia na AL"},"content":{"rendered":"<p>Especialistas alertaram para o perigo de concentra&ccedil;&atilde;o crescente da m&iacute;dia na Am&eacute;rica Latina durante um semin&aacute;rio do centro de estudos Di&aacute;logo Interamericano realizado nesta quarta-feira (21\/02). A institui&ccedil;&atilde;o norte-americana foi fundada em 1982 para desenvolver a coopera&ccedil;&atilde;o nas Am&eacute;ricas, e tem como diretores o ex-presidente chileno Ricardo Lagos e a ex-representante de com&eacute;rcio dos Estados Unidos Carla A. Hills, al&eacute;m do ex-presidente brasileiro Fernando Henrique Cardoso como vice-diretor. O alerta coincide com a conclus&atilde;o do Comit&ecirc; para a Prote&ccedil;&atilde;o dos Jornalistas (CPJ) em seu relat&oacute;rio anual publicado no dia 05\/02.<\/p>\n<p>&quot;Muitos desses grupos em pa&iacute;ses como a Bol&iacute;via, Venezuela ou Col&ocirc;mbia t&ecirc;m uma agenda pol&iacute;tica&quot;, afirmou Carlos Laur&iacute;a, diretor da se&ccedil;&atilde;o para as Am&eacute;ricas do CPJ, &agrave; Ag&ecirc;ncia EFE. Sua preocupa&ccedil;&atilde;o foi confirmada pelo ex-ministro e diplomata chileno Genaro Arriagada, que destacou a aus&ecirc;ncia de regulamentos e restri&ccedil;&otilde;es legais. <\/p>\n<p>Os dois analistas lembraram que o fen&ocirc;meno n&atilde;o &eacute; exclusividade da Am&eacute;rica Latina, mas tamb&eacute;m ocorre nos Estados Unidos e Europa. Em seis dos oito maiores pa&iacute;ses latino-americanos, 60% da circula&ccedil;&atilde;o de jornais se concentra em quatro publica&ccedil;&otilde;es. Para Arriagada, apesar de presente nos EUA, o fen&ocirc;meno &eacute; bem mais forte na Am&eacute;rica Latina.<\/p>\n<p>Grupos religiosos conservadores, como a Opus Dei, foram apontados como possuindo &quot;enorme influ&ecirc;ncia na comunidade empresarial&quot; e perigosos por atacarem os que possuem linhas editoriais que consideram &quot;excessivamente liberais&quot;. A tend&ecirc;ncia &eacute; fortalecida tamb&eacute;m pela for&ccedil;a da publicidade, que pode discriminar grupos contr&aacute;rios aos seus interesses, e pela rela&ccedil;&atilde;o entre empresas de comunica&ccedil;&atilde;o e pol&iacute;ticos.<\/p>\n<p><strong>Exce&ccedil;&otilde;es<\/strong><\/p>\n<p>Brasil e M&eacute;xico foram citados como exce&ccedil;&otilde;es pelo tamanho de sua economia, o que tornaria dif&iacute;cil a concentra&ccedil;&atilde;o como ocorre na Argentina, Bol&iacute;via, Chile, Col&ocirc;mbia, Uruguai e Venezuela.<\/p>\n<p>Apesar disso, o relat&oacute;rio do CPJ lembrou que a brasileira Rede Globo seria um exemplo de concentra&ccedil;&atilde;o da comunica&ccedil;&atilde;o, assim como a Televisa no M&eacute;xico e os grupos Clar&iacute;n e Cisneros, na Argentina e Venezuela, respectivamente. Nos &uacute;ltimos quinze anos esse monop&oacute;lio ganhou for&ccedil;a no r&aacute;dio e na TV. <\/p>\n<p>Entre as propostas para resolver o problema, est&aacute; a de melhorar a regulamenta&ccedil;&atilde;o no setor e leis anti-monop&oacute;lio eficientes. &quot;N&atilde;o &eacute; um problema t&atilde;o s&eacute;rio como a viol&ecirc;ncia contra jornalistas ou a intimida&ccedil;&atilde;o, mas n&atilde;o deixa de ser um problema&quot;, opinou Laur&iacute;a.<\/p>\n<p><strong>Conflitos<\/strong><\/p>\n<p>Benoit Hervieu, diretor para as Am&eacute;ricas da Rep&oacute;rteres sem Fronteiras (RSF), ressaltou, al&eacute;m da concentra&ccedil;&atilde;o, o aumento de confrontos entre empresas p&uacute;blicas e privadas na Venezuela e entre v&aacute;rios grandes grupos no Brasil. Ele apontou a internet como um fator cada vez mais respons&aacute;vel para diminuir o poder dos conglomerados da m&iacute;dia.<\/p>\n<p>(*) Com informa&ccedil;&otilde;es da Ag&ecirc;ncia Efe<\/p>\n","protected":false},"excerpt":{"rendered":"<p>Especialistas alertam para o perigo de concentra\u00e7\u00e3o crescente da m\u00eddia na Am\u00e9rica Latina durante um semin\u00e1rio do centro de estudos Di\u00e1logo Interamericano realizado nesta quarta-feira (21\/02).O alerta coincide com a conclus\u00e3o do Comit\u00ea para a Prote\u00e7\u00e3o dos Jornalistas.<\/p>\n","protected":false},"author":1,"featured_media":0,"comment_status":"open","ping_status":"open","sticky":false,"template":"","format":"standard","meta":{"footnotes":""},"categories":[40],"tags":[119],"_links":{"self":[{"href":"https:\/\/obscom.intervozes.org.br\/index.php?rest_route=\/wp\/v2\/posts\/18076"}],"collection":[{"href":"https:\/\/obscom.intervozes.org.br\/index.php?rest_route=\/wp\/v2\/posts"}],"about":[{"href":"https:\/\/obscom.intervozes.org.br\/index.php?rest_route=\/wp\/v2\/types\/post"}],"author":[{"embeddable":true,"href":"https:\/\/obscom.intervozes.org.br\/index.php?rest_route=\/wp\/v2\/users\/1"}],"replies":[{"embeddable":true,"href":"https:\/\/obscom.intervozes.org.br\/index.php?rest_route=%2Fwp%2Fv2%2Fcomments&post=18076"}],"version-history":[{"count":0,"href":"https:\/\/obscom.intervozes.org.br\/index.php?rest_route=\/wp\/v2\/posts\/18076\/revisions"}],"wp:attachment":[{"href":"https:\/\/obscom.intervozes.org.br\/index.php?rest_route=%2Fwp%2Fv2%2Fmedia&parent=18076"}],"wp:term":[{"taxonomy":"category","embeddable":true,"href":"https:\/\/obscom.intervozes.org.br\/index.php?rest_route=%2Fwp%2Fv2%2Fcategories&post=18076"},{"taxonomy":"post_tag","embeddable":true,"href":"https:\/\/obscom.intervozes.org.br\/index.php?rest_route=%2Fwp%2Fv2%2Ftags&post=18076"}],"curies":[{"name":"wp","href":"https:\/\/api.w.org\/{rel}","templated":true}]}}