{"id":18071,"date":"2007-02-22T18:05:11","date_gmt":"2007-02-22T18:05:11","guid":{"rendered":"https:\/\/obscom.intervozes.org.br\/wordpress\/?p=18071"},"modified":"2007-02-22T18:05:11","modified_gmt":"2007-02-22T18:05:11","slug":"gugu-ganha-concessao-de-emissora-de-tv-em-cuiaba","status":"publish","type":"post","link":"https:\/\/obscom.intervozes.org.br\/?p=18071","title":{"rendered":"Gugu ganha concess\u00e3o de emissora de TV em Cuiab\u00e1"},"content":{"rendered":"<p>O apresentador de televis&atilde;o Augusto Liberato, o Gugu, conseguiu, enfim, sua emissora de televis&atilde;o. Depois de ter uma concess&atilde;o anulada no final do governo Fernando Henrique Cardoso e ap&oacute;s quatro anos de discuss&atilde;o judicial, ele foi inclu&iacute;do no cadastro oficial do Minist&eacute;rio das Comunica&ccedil;&otilde;es como acionista da TV Pantanal Som e Imagem, de Cuiab&aacute;. Liberato e a irm&atilde;, Aparecida Liberato Caetano, s&atilde;o oficialmente propriet&aacute;rios de 49,99% da Pantanal. No contrato registrado em dezembro pela Junta Comercial de Mato Grosso, o majorit&aacute;rio da empresa &eacute; a mulher de um empres&aacute;rio de C&aacute;ceres, Vera L&uacute;cia Klauk.<\/p>\n<p>Em outubro de 2002, na elei&ccedil;&atilde;o presidencial, o ent&atilde;o ministro das Comunica&ccedil;&otilde;es, Juarez Quadros do Nascimento, anulou a concess&atilde;o da mesma TV Pantanal que havia sido outorgada a Liberato em agosto daquele ano. O caso ganhou repercuss&atilde;o porque Gugu era &acirc;ncora da campanha do candidato do PSDB, Jos&eacute; Serra, e porque o contrato de concess&atilde;o foi declarado ilegal pela Consultoria Jur&iacute;dica do Minist&eacute;rio das Comunica&ccedil;&otilde;es.<\/p>\n<p>A legisla&ccedil;&atilde;o de radiodifus&atilde;o s&oacute; admite a venda de concess&otilde;es de TV ap&oacute;s decorridos cinco anos de funcionamento da emissora, e Gugu havia comprado a Pantanal dos antigos s&oacute;cios antes de a emissora entrar em funcionamento. At&eacute; hoje, a TV n&atilde;o foi inaugurada. O apresentador contestou a decis&atilde;o de Juarez Quadros no Superior Tribunal de Justi&ccedil;a, mas o STJ confirmou o entendimento do minist&eacute;rio. No ano passado, o atual ministro das Comunica&ccedil;&otilde;es, H&eacute;lio Costa, autorizou uma solu&ccedil;&atilde;o para a TV de Liberato: o apresentador e a irm&atilde; &#39;&#39;devolveram&#39; a empresa aos antigos s&oacute;cios, retirando-se oficialmente da sociedade. <\/p>\n<p>Costa aceitou o argumento de que o apresentador agiu de boa-f&eacute;, ao comprar a empresa antes do prazo permitido por lei e assinou o contrato de concess&atilde;o em nome dos antigos s&oacute;cios. Na ocasi&atilde;o, o marido e procurador de Vera Klauk, Elvis Klauk, disse &agrave; Folha que Gugu tinha perdido o interesse pelo neg&oacute;cio e que eles buscariam financiamento do BNDES (Banco Nacional de DesenvolvimentoEcon&ocirc;mico e Social) para colocar a TV no ar. A retirada de Gugu do quadro societ&aacute;rio foi recebida pelos executivos de radiodifus&atilde;o apenas como uma estrat&eacute;gia do apresentador para obter de volta a concess&atilde;o, porque ele j&aacute; havia investido muito no canal. S&oacute; a concess&atilde;o custou R$ 1milh&atilde;o, tomando-se por base a proposta feita pela Pantanal na licita&ccedil;&atilde;o p&uacute;blica. Quando foi cancelada a concess&atilde;o, o pr&eacute;dio e a torre de transmiss&atilde;o da TV, em Cuiab&aacute;, j&aacute; estavam constru&iacute;dos e a emissora j&aacute; tinha licen&ccedil;a para retransmiss&atilde;o em quase todas as capitais. <\/p>\n<p>De acordo com o contrato, a empresa tem capital social de apenas R$ 50 mil. Gugu aparece com uma participa&ccedil;&atilde;o societ&aacute;ria de 39,99%, a irm&atilde;, 10% e Vera Klauk, 50,1%. O Minist&eacute;rio das Comunica&ccedil;&otilde;es disse que n&atilde;o h&aacute; restri&ccedil;&atilde;o legal para a compra de participa&ccedil;&atilde;o inferior a 50% nem necessidade de aprova&ccedil;&atilde;o pr&eacute;via do governo. Um alto funcion&aacute;rio do minist&eacute;rio, que n&atilde;o quis ser identificado, disse que o epis&oacute;dio Gugu &eacute; considerado superado pela gest&atilde;o atual. Em 2006, Costa foi criticado por autorizar a devolu&ccedil;&atilde;o da concess&atilde;o &agrave; Pantanal. O ex-ministro Juarez Quadros disse que o contrato tinha o mesmo v&iacute;cio que levou &agrave; anula&ccedil;&atilde;o da concess&atilde;o a Gugu, em 2002. A Pantanal foi criada em 1997, para disputar a licita&ccedil;&atilde;o do canal da TV, em nome de dois funcion&aacute;rios de empresas da fam&iacute;lia Klauk, em C&aacute;ceres: Mauro Uchaki e Irin&eacute;ia Moraes Silva. Ap&oacute;s dois anos, quando a licita&ccedil;&atilde;o estava em andamento, 98% do capital foi transferido para Vera Klauk o que era proibido pela legisla&ccedil;&atilde;o do setor. <\/p>\n<p><img loading=\"lazy\" decoding=\"async\" style=\"width: 36px; height: 35px\" src=\"images\/stories\/politica_publicacoes\/c_normal.png\" alt=\"Sample Image\" width=\"36\" height=\"35\" \/><\/p>\n","protected":false},"excerpt":{"rendered":"<p>O apresentador de televis\u00e3o Augusto Liberato conseguiu, enfim, sua emissora de televis\u00e3o. Ap\u00f3s quatro anos de discuss\u00e3o judicial, ele foi inclu\u00eddo no cadastro oficial do Minist\u00e9rios das Comunica\u00e7\u00f5es como acionista da TV Pantanal Som e Imagem, de Cuiab\u00e1.<\/p>\n","protected":false},"author":1,"featured_media":0,"comment_status":"open","ping_status":"open","sticky":false,"template":"","format":"standard","meta":{"footnotes":""},"categories":[40],"tags":[83],"_links":{"self":[{"href":"https:\/\/obscom.intervozes.org.br\/index.php?rest_route=\/wp\/v2\/posts\/18071"}],"collection":[{"href":"https:\/\/obscom.intervozes.org.br\/index.php?rest_route=\/wp\/v2\/posts"}],"about":[{"href":"https:\/\/obscom.intervozes.org.br\/index.php?rest_route=\/wp\/v2\/types\/post"}],"author":[{"embeddable":true,"href":"https:\/\/obscom.intervozes.org.br\/index.php?rest_route=\/wp\/v2\/users\/1"}],"replies":[{"embeddable":true,"href":"https:\/\/obscom.intervozes.org.br\/index.php?rest_route=%2Fwp%2Fv2%2Fcomments&post=18071"}],"version-history":[{"count":0,"href":"https:\/\/obscom.intervozes.org.br\/index.php?rest_route=\/wp\/v2\/posts\/18071\/revisions"}],"wp:attachment":[{"href":"https:\/\/obscom.intervozes.org.br\/index.php?rest_route=%2Fwp%2Fv2%2Fmedia&parent=18071"}],"wp:term":[{"taxonomy":"category","embeddable":true,"href":"https:\/\/obscom.intervozes.org.br\/index.php?rest_route=%2Fwp%2Fv2%2Fcategories&post=18071"},{"taxonomy":"post_tag","embeddable":true,"href":"https:\/\/obscom.intervozes.org.br\/index.php?rest_route=%2Fwp%2Fv2%2Ftags&post=18071"}],"curies":[{"name":"wp","href":"https:\/\/api.w.org\/{rel}","templated":true}]}}