{"id":18064,"date":"2007-02-21T11:18:35","date_gmt":"2007-02-21T11:18:35","guid":{"rendered":"https:\/\/obscom.intervozes.org.br\/wordpress\/?p=18064"},"modified":"2007-02-21T11:18:35","modified_gmt":"2007-02-21T11:18:35","slug":"o-silencio-sobre-as-comissoes-de-comunicacao","status":"publish","type":"post","link":"https:\/\/obscom.intervozes.org.br\/?p=18064","title":{"rendered":"O sil\u00eancio sobre as Comiss\u00f5es de Comunica\u00e7\u00e3o"},"content":{"rendered":"<p class=\"MsoNormal\"><span>O Correio Braziliense de quinta-feira (15\/2) deu manchete de capa de quase meia p&aacute;gina para a nova composi&ccedil;&atilde;o das Comiss&otilde;es Tem&aacute;ticas Permanentes da C&acirc;mara dos Deputados. O t&iacute;tulo era &quot;Doadores emplacam seus deputados nas comiss&otilde;es da C&acirc;mara&quot; e o subt&iacute;tulo anunciava que &quot;Pol&iacute;ticos que tiveram campanha financiada por empreiteiras, mineradoras e outras empresas garantiram vaga nas se&ccedil;&otilde;es que definir&atilde;o projetos de lei a serem votados. Nomea&ccedil;&otilde;es atendem aos interesses de grupos econ&ocirc;micos&quot;.<\/p>\n<p>As mat&eacute;rias internas nas p&aacute;ginas 2 e 3 detalhavam a rela&ccedil;&atilde;o dos nomes de alguns integrantes de comiss&otilde;es, o valor das contribui&ccedil;&otilde;es de campanha e os respectivos doadores cujos interesses privados est&atilde;o vinculados aos temas nelas tratados. S&atilde;o relacionados nominalmente deputados de seis comiss&otilde;es: Agricultura, Seguridade Social e Fam&iacute;lia, Finan&ccedil;as e Tributa&ccedil;&atilde;o, Minas e Energia, Via&ccedil;&atilde;o e Transportes e Desenvolvimento Urbano.<\/span><\/p>\n<p class=\"MsoNormal\"><strong><span>Figurinhas carimbadas<\/span><\/strong><span><\/p>\n<p>As graves acusa&ccedil;&otilde;es do Correio Braziliense provocaram protestos veementes de alguns deputados e o novo presidente da C&acirc;mara declarou que a Procuradoria Parlamentar iria verificar se cabe alguma medida judicial contra os jornalistas que assinam a mat&eacute;ria. &quot;Um jornalista n&atilde;o tem autoridade para fazer insinua&ccedil;&otilde;es sem prova&quot;, disse ele.<\/p>\n<p>Ao ter entre seus financiadores legais um determinado grupo empresarial, o deputado estaria necessariamente submetendo sua a&ccedil;&atilde;o parlamentar aos interesses desse grupo? A quest&atilde;o do financiamento das campanhas eleitorais &eacute; um dos objetos de discuss&atilde;o da inadi&aacute;vel reforma pol&iacute;tica que certamente o Congresso Nacional retomar&aacute; na atual legislatura.<\/p>\n<p>Vale registrar, no entanto, que estranhamente n&atilde;o constou da reportagem do Correio Braziliense a rela&ccedil;&atilde;o dos deputados e seus respectivos doadores da Comiss&atilde;o de Ci&ecirc;ncia e Tecnologia, Comunica&ccedil;&atilde;o e Inform&aacute;tica (CCTCI). No caso dessa Comiss&atilde;o podem, de fato, existir situa&ccedil;&otilde;es de conflito de interesse. Tem sido assim ao longo dos anos. E n&atilde;o s&oacute; em rela&ccedil;&atilde;o aos doadores de campanha, mas sobretudo em rela&ccedil;&atilde;o aos membros titulares e suplentes da CCTCI que s&atilde;o, eles pr&oacute;prios, concession&aacute;rios dos servi&ccedil;os p&uacute;blicos de radiodifus&atilde;o. <\/p>\n<p>Essa condi&ccedil;&atilde;o, inclusive, diferencia os membros concession&aacute;rios da CCTCI de outros parlamentares que eventualmente tenham recebido doa&ccedil;&otilde;es de campanha de grupos empresariais com interesse direto em sua atua&ccedil;&atilde;o parlamentar. Na CCTCI, o interesse &eacute; tamb&eacute;m do pr&oacute;prio deputado concession&aacute;rio.<\/p>\n<p>Uma r&aacute;pida leitura da rela&ccedil;&atilde;o dos membros da nova CCTCI revelar&aacute; que l&aacute; est&atilde;o figurinhas carimbadas como, por exemplo, Eun&iacute;cio de Oliveira (PMDB-CE), Jader Barbalho (PMDB-PA), Jos&eacute; Rocha (PFL-BA), Vic Pires Franco (PFL-PA) e Paulo Bornhausen (PFL-SC), com sabidas liga&ccedil;&otilde;es com a radiodifus&atilde;o.<\/span><\/p>\n<p class=\"MsoNormal\"><strong><span>Um leque impressionante<\/span><\/strong><\/p>\n<p class=\"MsoNormal\"><span>N&atilde;o seria de interesse p&uacute;blico que o levantamento do Correio Braziliense tivesse tamb&eacute;m inclu&iacute;do a CCTCI?<\/span><\/p>\n<p class=\"MsoNormal\"><span>&Eacute; ainda interessante registrar que passou praticamente despercebido da grande m&iacute;dia a cria&ccedil;&atilde;o pelo plen&aacute;rio do Senado Federal, em 7\/2, da nova Comiss&atilde;o de Ci&ecirc;ncia, Tecnologia, Inova&ccedil;&atilde;o, Comunica&ccedil;&atilde;o e Inform&aacute;tica (CCTICI), desmembrada da antiga Comiss&atilde;o de Educa&ccedil;&atilde;o, onde existia uma Subcomiss&atilde;o Permanente de Cinema, Teatro, M&uacute;sica e Comunica&ccedil;&atilde;o Social.<\/span><\/p>\n<p class=\"MsoNormal\">Compete &agrave; nova Comiss&atilde;o opinar, dentre outros temas, sobre proposi&ccedil;&otilde;es pertinentes &agrave; pol&iacute;tica nacional de ci&ecirc;ncia, tecnologia, inova&ccedil;&atilde;o, comunica&ccedil;&atilde;o e inform&aacute;tica; organiza&ccedil;&atilde;o institucional do setor; propriedade intelectual; comunica&ccedil;&atilde;o, imprensa, radiodifus&atilde;o e televis&atilde;o; outorga e renova&ccedil;&atilde;o de concess&atilde;o, permiss&atilde;o e autoriza&ccedil;&atilde;o para servi&ccedil;os de radiodifus&atilde;o sonora e de sons e imagens; regulamenta&ccedil;&atilde;o, controle e quest&otilde;es &eacute;ticas referentes &agrave; pesquisa e desenvolvimento cient&iacute;fico e tecnol&oacute;gico, inova&ccedil;&atilde;o tecnol&oacute;gica, comunica&ccedil;&atilde;o e inform&aacute;tica, al&eacute;m de outros assuntos correlatos. Sem d&uacute;vida, um leque impressionante de temas do setor.<\/p>\n<p class=\"MsoNormal\"><strong>V&iacute;nculos com a radiodifus&atilde;o<\/strong><\/p>\n<p class=\"MsoNormal\">Houve protestos contra a cria&ccedil;&atilde;o da CCTICI. O senador Fl&aacute;vio Arns &ndash; que acabou sendo membro da comiss&atilde;o &ndash; chegou a afirmar que a iniciativa &quot;fazia parte da negocia&ccedil;&atilde;o de cargos ocorrida no in&iacute;cio desta legislatura&quot;. Entidades como a Sociedade Brasileira para o Progresso da Ci&ecirc;ncia, a Associa&ccedil;&atilde;o Nacional de Biosseguran&ccedil;a e a Associa&ccedil;&atilde;o Brasileira de Propriedade Industrial tamb&eacute;m protestaram. Temem que o desmembramento provoque &quot;o esvaziamento e a desarticula&ccedil;&atilde;o dos temas que est&atilde;o em andamento na atual Comiss&atilde;o de Educa&ccedil;&atilde;o&quot;.<\/p>\n<p class=\"MsoNormal\">O novo presidente dessa comiss&atilde;o &eacute; o senador Wellington Salgado (PMDB-MG), suplente do atual ministro das Comunica&ccedil;&otilde;es, H&eacute;lio Costa. E o vice-presidente &eacute; o senador Marcelo Crivella (PRB-RJ), de conhecidas liga&ccedil;&otilde;es com a Rede Record de televis&atilde;o. Entre seus membros est&atilde;o tamb&eacute;m senadores sabidamente vinculados &agrave; radiodifus&atilde;o como S&eacute;rgio Zambiasi (PTB-RS), Maria do Carmo Alves (PFL-SE), Jos&eacute; Agripino (PFL-RN), Jo&atilde;o Ten&oacute;rio (PSDB-AL), Fl&aacute;vio Arns (PT-SC), Eduardo Azeredo (PSDB-MG), Romero Juc&aacute; (PMDB-RR), Garibaldi Alves Filho (PMDB-RN) e M&atilde;o Santa (PMDB-PI).<\/p>\n<p class=\"MsoNormal\"><span><strong>O compromisso da m&iacute;dia<\/strong><\/span><\/p>\n<p class=\"MsoNormal\"><span>&Eacute; sempre interessante constatar como a grande m&iacute;dia evita falar sobre si mesma ou tratar de quest&otilde;es a ela diretamente relacionadas. Neste caso, comportamento ainda mais curioso, de vez que o Congresso Nacional, desde a Constitui&ccedil;&atilde;o de 1988, &eacute; co-respons&aacute;vel com o Poder Executivo pelas concess&otilde;es e renova&ccedil;&otilde;es de concess&otilde;es de radiodifus&atilde;o, al&eacute;m de formular e decidir diretamente sobre as pol&iacute;ticas p&uacute;blicas do setor de comunica&ccedil;&otilde;es.<\/span><\/p>\n<p class=\"MsoNormal\"><span>O primeiro compromisso da m&iacute;dia e de seus jornalistas &eacute; com o interesse p&uacute;blico. &Eacute; isso mesmo, n&atilde;o &eacute;? Ou n&atilde;o &eacute;?<\/span><\/p>\n","protected":false},"excerpt":{"rendered":"<p>O Correio Braziliense de quinta-feira (15\/2) deu manchete de capa de quase meia p&aacute;gina para a nova composi&ccedil;&atilde;o das Comiss&otilde;es Tem&aacute;ticas Permanentes da C&acirc;mara dos Deputados. O t&iacute;tulo era &quot;Doadores emplacam seus deputados nas comiss&otilde;es da C&acirc;mara&quot; e o subt&iacute;tulo anunciava que &quot;Pol&iacute;ticos que tiveram campanha financiada por empreiteiras, mineradoras e outras empresas garantiram vaga &hellip; <a href=\"https:\/\/obscom.intervozes.org.br\/?p=18064\" class=\"more-link\">Continue lendo <span class=\"screen-reader-text\">O sil\u00eancio sobre as Comiss\u00f5es de Comunica\u00e7\u00e3o<\/span> <span class=\"meta-nav\">&rarr;<\/span><\/a><\/p>\n","protected":false},"author":1,"featured_media":0,"comment_status":"open","ping_status":"open","sticky":false,"template":"","format":"standard","meta":{"footnotes":""},"categories":[42],"tags":[53],"_links":{"self":[{"href":"https:\/\/obscom.intervozes.org.br\/index.php?rest_route=\/wp\/v2\/posts\/18064"}],"collection":[{"href":"https:\/\/obscom.intervozes.org.br\/index.php?rest_route=\/wp\/v2\/posts"}],"about":[{"href":"https:\/\/obscom.intervozes.org.br\/index.php?rest_route=\/wp\/v2\/types\/post"}],"author":[{"embeddable":true,"href":"https:\/\/obscom.intervozes.org.br\/index.php?rest_route=\/wp\/v2\/users\/1"}],"replies":[{"embeddable":true,"href":"https:\/\/obscom.intervozes.org.br\/index.php?rest_route=%2Fwp%2Fv2%2Fcomments&post=18064"}],"version-history":[{"count":0,"href":"https:\/\/obscom.intervozes.org.br\/index.php?rest_route=\/wp\/v2\/posts\/18064\/revisions"}],"wp:attachment":[{"href":"https:\/\/obscom.intervozes.org.br\/index.php?rest_route=%2Fwp%2Fv2%2Fmedia&parent=18064"}],"wp:term":[{"taxonomy":"category","embeddable":true,"href":"https:\/\/obscom.intervozes.org.br\/index.php?rest_route=%2Fwp%2Fv2%2Fcategories&post=18064"},{"taxonomy":"post_tag","embeddable":true,"href":"https:\/\/obscom.intervozes.org.br\/index.php?rest_route=%2Fwp%2Fv2%2Ftags&post=18064"}],"curies":[{"name":"wp","href":"https:\/\/api.w.org\/{rel}","templated":true}]}}