{"id":18055,"date":"2007-02-15T16:30:01","date_gmt":"2007-02-15T16:30:01","guid":{"rendered":"https:\/\/obscom.intervozes.org.br\/wordpress\/?p=18055"},"modified":"2007-02-15T16:30:01","modified_gmt":"2007-02-15T16:30:01","slug":"semeghini-e-eleito-presidente-da-comissao-de-ciencia-e-tecnologia","status":"publish","type":"post","link":"https:\/\/obscom.intervozes.org.br\/?p=18055","title":{"rendered":"Semeghini \u00e9 eleito presidente da Comiss\u00e3o de Ci\u00eancia e Tecnologia"},"content":{"rendered":"<p>O deputado J&uacute;lio Semeghini (PSDB\/SP) foi eleito presidente da Comiss&atilde;o de Ci&ecirc;ncia e Tecnologia, Comunica&ccedil;&atilde;o e Inform&aacute;tica (CCTCI) da C&acirc;mara para a primeira sess&atilde;o legislativa (primeiro ano) desta legislatura. A segunda vice-presid&ecirc;ncia ser&aacute; ocupada pelo deputado Paulo Bornhausen (PFL\/SC) e a terceira vice-presid&ecirc;ncia pelo deputado Bilac Pinto (PR\/MG). Todos os membros da mesa obtiveram vota&ccedil;&atilde;o un&acirc;nime dos presentes &ndash; 34 votos.<\/p>\n<p>A elei&ccedil;&atilde;o do primeiro vice-presidente ficou para a pr&oacute;xima reuni&atilde;o ordin&aacute;ria da Comiss&atilde;o, j&aacute; que houve uma troca de partidos na &uacute;ltima hora (seria ocupada por um parlamentar do PSDB que preferiu vincular-se a outra comiss&atilde;o t&eacute;cnica). Em uma r&aacute;pida interven&ccedil;&atilde;o, o deputado Semeghini agradeceu especialmente aos colegas do PSDB por terem indicado seu nome e aos deputados petistas Jorge Bittar (RJ) e Walter Pinheiro (BA) por sua atua&ccedil;&atilde;o na articula&ccedil;&atilde;o para conduzi-lo &agrave; presid&ecirc;ncia da Comiss&atilde;o.<\/p>\n<p><strong>Comiss&atilde;o forte<\/strong><\/p>\n<p>A impress&atilde;o geral que se tem da nova composi&ccedil;&atilde;o da CCTCI &eacute; muito positiva, com deputados muito experientes (alguns ex-secretarios de C&amp;T nos Estados e dois ex-presidentes da pr&oacute;pria Comiss&atilde;o). A expectativa &eacute; que, no ano em que se pretende discutir na C&acirc;mara mudan&ccedil;as importantes na legisla&ccedil;&atilde;o para o setor, a Comiss&atilde;o seja um f&oacute;rum privilegiado. Um assessor parlamentar que conhece muito bem a C&acirc;mara diz que &ldquo;estes deputados tem passado. Se ter&atilde;o futuro, vamos ver!&rdquo;. <\/p>\n<p>Houve uma sens&iacute;vel redu&ccedil;&atilde;o na denominada &ldquo;bancada da radiodifus&atilde;o&rdquo;, deputados que se destacavam pela defesa incondicional das posi&ccedil;&otilde;es preconizadas pelos radiodifusores na Comiss&atilde;o que analisa processos de outorga e renova&ccedil;&atilde;o de emissoras. Para esta legislatura a Comiss&atilde;o ficou menor: ser&atilde;o 40 titulares e 40 suplentes. Os nomes de todos eles podem ser conferidos no site da C&acirc;mara dos Deputados (<a href=\"http:\/\/www.camara.gov.br\/\">www.camara.gov.br<\/a>).<\/p>\n<p><strong>Herdeiros pol&iacute;ticos<\/strong><\/p>\n<p>Curiosamente, destaca-se neste ano a presen&ccedil;a de filhos ou herdeiros de pol&iacute;ticos importantes. A come&ccedil;ar por dois vice-presidentes da Comiss&atilde;o, o deputado Bilac Pinto, cujo av&ocirc;, Olavo Bilac Pinto, foi um dos deputados da antiga UDN mineira, chegando a ministro do Supremo Tribunal Federal; e o deputado Paulo Bornhausen, filho do senador Jorge Bornhausen, do PFL catarinense. Ainda fazem parte da comiss&atilde;o Paulo Henrique Lustosa, filho de Paulo Lustosa, ex-deputado e ex-ministro do governo Sarney; Jorginho Maluly, filho do ex-deputado e ex-presidente da CCTCI, Maluly Neto; Ratinho J&uacute;nior (PSC\/PR), filho do apresentador Ratinho; Valadares Filho, filho do senador pelo PSB de Sergipe, Ant&ocirc;nio Carlos Valadares.<\/p>\n<p><strong>Corda em casa de enforcado<\/strong><\/p>\n<p>A nota destoante da posse da mesa eleita nesta quarta-feira, 14, foi o discurso arrevesado do presidente da C&acirc;mara, deputado Arlindo Chinaglia (PT\/SP). Para cumprimentar as mesas de todas as comiss&otilde;es, o presidente da casa tamb&eacute;m passou pela Comiss&atilde;o. Desconhecendo o conjunto dos importantes temas sobre os quais ela dever&aacute; tratar neste ano, resolveu falar da necessidade das comiss&otilde;es especiais &ldquo;para evitar que o dia-a-dia das comiss&otilde;es t&eacute;cnicas possam contaminar a import&acirc;ncia de um tema mais geral&rdquo;.<\/p>\n<p>Vale lembrar que um dos temas que mais incomoda os deputados de uma comiss&atilde;o t&eacute;cnica &eacute; justamente a previs&atilde;o no Regimento Interno da C&acirc;mara da cria&ccedil;&atilde;o das Comiss&otilde;es Especiais (quanto se trata de assunto que deva passar por tr&ecirc;s ou mais comiss&otilde;es t&eacute;cnicas, al&eacute;m da CCJR). H&aacute; inclusive deputados, como &eacute; o caso de Walter Pinheiro, do PT baiano, que resistem fortemente &agrave; cria&ccedil;&atilde;o de comiss&otilde;es especiais, com o argumento de que &eacute; na Comiss&atilde;o T&eacute;cnica que acontece o maior ac&uacute;mulo de temas. <\/p>\n","protected":false},"excerpt":{"rendered":"<p>O deputado J\u00falio Semeghini (PSDB\/SP) foi eleito presidente da Comiss\u00e3o de Ci\u00eancia e Tecnologia, Comunica\u00e7\u00e3o e Inform\u00e1tica (CCTCI) da C\u00e2mara para a primeira sess\u00e3o legislativa (primeiro ano) desta legislatura. A segunda vice-presid\u00eancia ser\u00e1 ocupada pelo deputado Paul<\/p>\n","protected":false},"author":1,"featured_media":0,"comment_status":"open","ping_status":"open","sticky":false,"template":"","format":"standard","meta":{"footnotes":""},"categories":[40],"tags":[123],"_links":{"self":[{"href":"https:\/\/obscom.intervozes.org.br\/index.php?rest_route=\/wp\/v2\/posts\/18055"}],"collection":[{"href":"https:\/\/obscom.intervozes.org.br\/index.php?rest_route=\/wp\/v2\/posts"}],"about":[{"href":"https:\/\/obscom.intervozes.org.br\/index.php?rest_route=\/wp\/v2\/types\/post"}],"author":[{"embeddable":true,"href":"https:\/\/obscom.intervozes.org.br\/index.php?rest_route=\/wp\/v2\/users\/1"}],"replies":[{"embeddable":true,"href":"https:\/\/obscom.intervozes.org.br\/index.php?rest_route=%2Fwp%2Fv2%2Fcomments&post=18055"}],"version-history":[{"count":0,"href":"https:\/\/obscom.intervozes.org.br\/index.php?rest_route=\/wp\/v2\/posts\/18055\/revisions"}],"wp:attachment":[{"href":"https:\/\/obscom.intervozes.org.br\/index.php?rest_route=%2Fwp%2Fv2%2Fmedia&parent=18055"}],"wp:term":[{"taxonomy":"category","embeddable":true,"href":"https:\/\/obscom.intervozes.org.br\/index.php?rest_route=%2Fwp%2Fv2%2Fcategories&post=18055"},{"taxonomy":"post_tag","embeddable":true,"href":"https:\/\/obscom.intervozes.org.br\/index.php?rest_route=%2Fwp%2Fv2%2Ftags&post=18055"}],"curies":[{"name":"wp","href":"https:\/\/api.w.org\/{rel}","templated":true}]}}