{"id":18054,"date":"2007-02-15T14:07:41","date_gmt":"2007-02-15T14:07:41","guid":{"rendered":"https:\/\/obscom.intervozes.org.br\/wordpress\/?p=18054"},"modified":"2007-02-15T14:07:41","modified_gmt":"2007-02-15T14:07:41","slug":"federacao-critica-emenda-que-camufla-precarizacao-das-relacoes-do-trabalho","status":"publish","type":"post","link":"https:\/\/obscom.intervozes.org.br\/?p=18054","title":{"rendered":"Federa\u00e7\u00e3o critica emenda que camufla precariza\u00e7\u00e3o das rela\u00e7\u00f5es do trabalho"},"content":{"rendered":"<p><u>CONFIRA A NOTA OFICIAL DA FENAJ&nbsp;<\/u><\/p>\n<p>A Federa&ccedil;&atilde;o Nacional dos Jornalistas &ndash; FENAJ &ndash; denuncia mais uma proposta de altera&ccedil;&atilde;o da legisla&ccedil;&atilde;o trabalhista que, caso seja aprovada pela C&acirc;mara dos Deputados, amea&ccedil;a gravemente direitos dos jornalistas e incentiva ainda mais a precariza&ccedil;&atilde;o das rela&ccedil;&otilde;es de trabalho. Est&aacute; na pauta da C&acirc;mara e pode ser votada nesta ter&ccedil;a-feira, 13\/2, a Emenda n. 3, do Senado Federal, ao projeto de lei que cria a Receita Federal do Brasil &#8211; Projeto de Lei 6.272\/05, conhecido como o projeto da Super Receita. Diversas entidades nacionais t&ecirc;m alertado para efeitos e preju&iacute;zos aos trabalhadores brasileiros caso essa proposta n&atilde;o seja rejeitada. <\/p>\n<p class=\"MsoNormal\">O texto da emenda prop&otilde;e condicionar a atua&ccedil;&atilde;o fiscalizadora do Minist&eacute;rio do Trabalho, quando constatada rela&ccedil;&atilde;o de trabalho fraudulenta, ao pr&eacute;vio exame da situa&ccedil;&atilde;o pela Justi&ccedil;a do Trabalho. Caso aprovada, essa norma retirar&aacute; do trabalhador o direito de ser protegido pelo Estado contra a pr&aacute;tica de contrata&ccedil;&atilde;o sob formas precarizantes, disfar&ccedil;adas de trabalho aut&ocirc;nomo, eventual ou sem v&iacute;nculo de emprego. &Eacute; o caso de diversas empresas de m&iacute;dia em todo o Brasil que t&ecirc;m demitido jornalistas, obrigando-os a constitu&iacute;rem pessoas jur&iacute;dicas &#8211; os PJs. <\/p>\n<p class=\"MsoNormal\">Na verdade, todo e qualquer empregador poder&aacute; trocar empregados por aut&ocirc;nomos e ter o direito de n&atilde;o sofrer qualquer a&ccedil;&atilde;o administrativa do Estado brasileiro. Assim, n&atilde;o haver&aacute; como exigir f&eacute;rias, FGTS, 13&ordm; sal&aacute;rio, normas de seguran&ccedil;a e sa&uacute;de, pagamento de horas extras, aposentadoria, licen&ccedil;a-maternidade, entre outros. Comenta-se nos corredores do Congresso Nacional que a Emenda &eacute; patrocinada pelos grandes grupos de comunica&ccedil;&atilde;o que abusam do nefasto instituto da &ldquo;pejotiza&ccedil;&atilde;o&rdquo; objeto de den&uacute;ncias de Sindicatos de Jornalistas em todo Brasil e de a&ccedil;&otilde;es fiscalizadoras do Minist&eacute;rio P&uacute;blico do Trabalho.<\/p>\n<p class=\"MsoNormal\">A FENAJ junta-se &agrave; Associa&ccedil;&atilde;o Nacional dos Magistrados Trabalhistas &ndash; ANAMATRA, a Associa&ccedil;&atilde;o Nacional dos Procuradores do Trabalho &ndash; ANPT, a Comiss&atilde;o Pastoral da Terra &#8211; CPT, a Confedera&ccedil;&atilde;o Nacional dos Trabalhadores na Agricultura &ndash; CONTAG, Associa&ccedil;&atilde;o Nacional dos Auditores Fiscais da Previd&ecirc;ncia Social &ndash; ANFIP, Sindicato Nacional dos Auditores Fiscais do Trabalho &#8211; SINAIT e Sindicato Nacional dos Auditores-Fiscais da Receita Federal &ndash; UNAFISCO SINDICAL que t&ecirc;m alertado &agrave; sociedade e, de forma especial os trabalhadores para a gravidade do tema, ao tempo em que expressam publicamente a certeza e confian&ccedil;a de que a C&acirc;mara Federal rejeitar&aacute; a mencionada Emenda n. 3, do Senado Federal, ao Projeto de Lei que cria a Receita Federal do Brasil (Projeto de Lei 6.272\/05).<\/p>\n<p class=\"MsoNormal\">Bras&iacute;lia, 13 de fevereiro de 2007.<\/p>\n<p class=\"MsoNormal\">&nbsp;<\/p>\n<p><span style=\"font-size: 12pt; font-family: &#39;Times New Roman&#39;\"><br \/><\/span><\/p>\n","protected":false},"excerpt":{"rendered":"<p>Em nota, a Federa\u00e7\u00e3o Nacional dos Jornalistas \u2013 FENAJ denuncia mais uma proposta de altera\u00e7\u00e3o da legisla\u00e7\u00e3o trabalhista que, caso seja aprovada pela C\u00e2mara dos Deputados, amea\u00e7a gravemente direitos dos jornalistas e incentiva ainda mais a precariza\u00e7\u00e3o das rela\u00e7\u00f5es de trabalho.<\/p>\n","protected":false},"author":1,"featured_media":0,"comment_status":"open","ping_status":"open","sticky":false,"template":"","format":"standard","meta":{"footnotes":""},"categories":[40],"tags":[122],"_links":{"self":[{"href":"https:\/\/obscom.intervozes.org.br\/index.php?rest_route=\/wp\/v2\/posts\/18054"}],"collection":[{"href":"https:\/\/obscom.intervozes.org.br\/index.php?rest_route=\/wp\/v2\/posts"}],"about":[{"href":"https:\/\/obscom.intervozes.org.br\/index.php?rest_route=\/wp\/v2\/types\/post"}],"author":[{"embeddable":true,"href":"https:\/\/obscom.intervozes.org.br\/index.php?rest_route=\/wp\/v2\/users\/1"}],"replies":[{"embeddable":true,"href":"https:\/\/obscom.intervozes.org.br\/index.php?rest_route=%2Fwp%2Fv2%2Fcomments&post=18054"}],"version-history":[{"count":0,"href":"https:\/\/obscom.intervozes.org.br\/index.php?rest_route=\/wp\/v2\/posts\/18054\/revisions"}],"wp:attachment":[{"href":"https:\/\/obscom.intervozes.org.br\/index.php?rest_route=%2Fwp%2Fv2%2Fmedia&parent=18054"}],"wp:term":[{"taxonomy":"category","embeddable":true,"href":"https:\/\/obscom.intervozes.org.br\/index.php?rest_route=%2Fwp%2Fv2%2Fcategories&post=18054"},{"taxonomy":"post_tag","embeddable":true,"href":"https:\/\/obscom.intervozes.org.br\/index.php?rest_route=%2Fwp%2Fv2%2Ftags&post=18054"}],"curies":[{"name":"wp","href":"https:\/\/api.w.org\/{rel}","templated":true}]}}