{"id":18051,"date":"2007-02-15T13:14:00","date_gmt":"2007-02-15T13:14:00","guid":{"rendered":"https:\/\/obscom.intervozes.org.br\/wordpress\/?p=18051"},"modified":"2007-02-15T13:14:00","modified_gmt":"2007-02-15T13:14:00","slug":"as-licoes-de-pirituba-para-a-observacao-da-midia","status":"publish","type":"post","link":"https:\/\/obscom.intervozes.org.br\/?p=18051","title":{"rendered":"As li\u00e7\u00f5es de Pirituba para a observa\u00e7\u00e3o da m\u00eddia"},"content":{"rendered":"<p>O deprimente epis&oacute;dio envolvendo o prefeito da maior cidade do pa&iacute;s e um paulistano, na recente inaugura&ccedil;&atilde;o de um posto de sa&uacute;de em Pirituba, constitui um exemplo emblem&aacute;tico do hist&oacute;rico comportamento autorit&aacute;rio e conservador de parte de nossa elite pol&iacute;tica. Apesar disso, a sua cobertura midi&aacute;tica revela um conjunto precioso de li&ccedil;&otilde;es e permite observa&ccedil;&otilde;es importantes sobre a grande m&iacute;dia, em particular, da televis&atilde;o.<\/p>\n<p>Numerosas an&aacute;lises j&aacute; foram feitas sobre o epis&oacute;dio e sua cobertura pela m&iacute;dia, inclusive neste Observat&oacute;rio. Mesmo assim gostaria de chamar a aten&ccedil;&atilde;o para alguns pontos.<\/p>\n<p>Primeiro, &eacute; interessante observar o leque de adjetivos que foi utilizado nas reportagens para identificar e qualificar o senhor Kaiser Celestino da Silva &ndash; o &quot;vagabundo&quot; &ndash; segundo os berros do prefeito Gilberto Kassab. Na m&iacute;dia ele foi desde &quot;um homem&quot;, &quot;morador&quot;, &quot;manifestante&quot;, &quot;usu&aacute;rio da rede p&uacute;blica de sa&uacute;de&quot;, &quot;contribuinte&quot;, &quot;cidad&atilde;o&quot; at&eacute; &quot;microempres&aacute;rio&quot; e &quot;empres&aacute;rio&quot;. Por que uma narrativa comum &eacute; t&atilde;o dif&iacute;cil para a grande m&iacute;dia quando ela se refere ao cidad&atilde;o simples, isto &eacute;, a um an&ocirc;nimo membro da imensa maioria da popula&ccedil;&atilde;o?<\/p>\n<p>Em segundo lugar, em tempos de jornalismo editorializado e da partidariza&ccedil;&atilde;o com que boa parte da cobertura da pol&iacute;tica e dos pol&iacute;ticos vem sendo feita, &eacute; curioso observar como n&atilde;o se estenderam ao PFL &ndash; partido do prefeito &ndash; as inevit&aacute;veis conota&ccedil;&otilde;es negativas do epis&oacute;dio. Teria sido semelhante a esse o comportamento da grande m&iacute;dia se o prefeito fosse filiado ao partido do presidente Lula?<\/p>\n<p><strong>Absurdo &oacute;bvio<\/strong><\/p>\n<p>A longa mat&eacute;ria de 2 minutos e 32 segundos do Jornal Nacional na noite do epis&oacute;dio de Pirituba (segunda-feira, 5\/2) ilustra ainda um terceiro aspecto, totalmente distinto. Diz respeito &agrave;s dificuldades metodol&oacute;gicas que s&atilde;o enfrentadas por aqueles que se arriscam a fazer a an&aacute;lise do conte&uacute;do da televis&atilde;o.<\/p>\n<p>Como encontrar crit&eacute;rios e instrumentos adequados para a correta an&aacute;lise do telejornalismo, isto &eacute;, de textos + imagens?<\/p>\n<p>A chamada da mat&eacute;ria no JN foi &quot;Prefeito de S&atilde;o Paulo se descontrola durante inaugura&ccedil;&atilde;o de posto de sa&uacute;de&quot;. O corpo da mat&eacute;ria mostrava a expuls&atilde;o do senhor Kaiser da Silva do posto de sa&uacute;de por um transtornado prefeito que gritava de dedo em riste &quot;vagabundo, vagabundo&quot;, e que logo depois, incrivelmente, conseguia dizer ao rep&oacute;rter: &quot;N&atilde;o agredi ningu&eacute;m fisicamente. S&oacute; pedi a ele que se retirasse&quot;.<\/p>\n<p>A mat&eacute;ria repercutiu o epis&oacute;dio com representantes dos dois principais partidos da C&acirc;mara Municipal &ndash; PT e PSDB &ndash; e ouviu tamb&eacute;m um representante do PFL. S&oacute; faltou mencionar que o filho menor de Kaiser, de apenas 7 anos, estava com ele no local do incidente.<\/p>\n<p>Ao final da mat&eacute;ria, o &acirc;ncora Bonner leu a seguinte frase:<\/p>\n<p>&quot;A Secretaria de Neg&oacute;cios Jur&iacute;dicos da prefeitura anunciou que vai estudar que medidas tomar contra o cidad&atilde;o Kaiser Celestino da Silva&quot;.<\/p>\n<p>Quem ler essa &uacute;ltima frase sem ter visto as imagens do telejornal n&atilde;o poder&aacute; avaliar a indisfar&ccedil;&aacute;vel ironia nela contida pelo absurdo &oacute;bvio da situa&ccedil;&atilde;o: a possibilidade de um cidad&atilde;o comum agredido ser processado por seu poderoso agressor (autoridade pol&iacute;tica maior da cidade). Esse &quot;sentido&quot; (significado) da frase foi explicitado na entona&ccedil;&atilde;o com que a leitura foi feita, na express&atilde;o facial e na posi&ccedil;&atilde;o corporal de Bonner.<\/p>\n<p><strong>Epis&oacute;dio lament&aacute;vel<\/strong><\/p>\n<p>Como captar essa riqueza de significa&ccedil;&atilde;o que a imagem expressa e que uma simples frase escrita dificilmente teria?<\/p>\n<p>Comentando o fato com um colega pesquisador ele sugeriu: &quot;Fa&ccedil;a o seu coment&aacute;rio e coloque um link para o JN. Quem ler a sua observa&ccedil;&atilde;o poder&aacute; verificar ele pr&oacute;prio o `sentido&acute; que o Bonner quis dar &agrave; frase&quot;. N&atilde;o deixa de ser uma possibilidade nestes tempos de internet quando se pode acessar o portal da Globo e l&aacute; conferir as edi&ccedil;&otilde;es do Jornal Nacional.<\/p>\n<p>Mas a quest&atilde;o metodol&oacute;gica &eacute; outra. Qual instrumento anal&iacute;tico permite captar o &quot;sentido&quot; da mensagem (imagem + texto) de tal forma que em situa&ccedil;&otilde;es semelhantes ele possa ser utilizado pelo pesquisador com o mesmo resultado e, dessa forma, informar &quot;corretamente&quot; a an&aacute;lise?<\/p>\n<p>Al&eacute;m disso, existiria alguma garantia de que a leitura deste &quot;sentido&quot; seria a mesma para todos aqueles que vissem o telejornal? Pergunto e respondo: n&atilde;o. N&atilde;o h&aacute; qualquer garantia. As mensagens da televis&atilde;o (imagens + textos), apesar de um &quot;sentido&quot; hegem&ocirc;nico, trazem sempre em si a possibilidade de leituras poliss&ecirc;micas.<\/p>\n<p>Como se v&ecirc;, um epis&oacute;dio lament&aacute;vel de todos os pontos de vista serve ao menos para que dele se tirem algumas li&ccedil;&otilde;es preciosas e observa&ccedil;&otilde;es importantes. <\/p>\n<p>Triste consolo.<\/p>\n<p>&nbsp;<img decoding=\"async\" src=\"https:\/\/obscom.intervozes.org.br\/images\/stories\/copyleft.jpg\" alt=\"Sample Image\" width=\"100\" \/><\/p>\n<p>&nbsp;<\/p>\n","protected":false},"excerpt":{"rendered":"<p>O deprimente epis&oacute;dio envolvendo o prefeito da maior cidade do pa&iacute;s e um paulistano, na recente inaugura&ccedil;&atilde;o de um posto de sa&uacute;de em Pirituba, constitui um exemplo emblem&aacute;tico do hist&oacute;rico comportamento autorit&aacute;rio e conservador de parte de nossa elite pol&iacute;tica. Apesar disso, a sua cobertura midi&aacute;tica revela um conjunto precioso de li&ccedil;&otilde;es e permite observa&ccedil;&otilde;es &hellip; <a href=\"https:\/\/obscom.intervozes.org.br\/?p=18051\" class=\"more-link\">Continue lendo <span class=\"screen-reader-text\">As li\u00e7\u00f5es de Pirituba para a observa\u00e7\u00e3o da m\u00eddia<\/span> <span class=\"meta-nav\">&rarr;<\/span><\/a><\/p>\n","protected":false},"author":1,"featured_media":0,"comment_status":"open","ping_status":"open","sticky":false,"template":"","format":"standard","meta":{"footnotes":""},"categories":[42],"tags":[53],"_links":{"self":[{"href":"https:\/\/obscom.intervozes.org.br\/index.php?rest_route=\/wp\/v2\/posts\/18051"}],"collection":[{"href":"https:\/\/obscom.intervozes.org.br\/index.php?rest_route=\/wp\/v2\/posts"}],"about":[{"href":"https:\/\/obscom.intervozes.org.br\/index.php?rest_route=\/wp\/v2\/types\/post"}],"author":[{"embeddable":true,"href":"https:\/\/obscom.intervozes.org.br\/index.php?rest_route=\/wp\/v2\/users\/1"}],"replies":[{"embeddable":true,"href":"https:\/\/obscom.intervozes.org.br\/index.php?rest_route=%2Fwp%2Fv2%2Fcomments&post=18051"}],"version-history":[{"count":0,"href":"https:\/\/obscom.intervozes.org.br\/index.php?rest_route=\/wp\/v2\/posts\/18051\/revisions"}],"wp:attachment":[{"href":"https:\/\/obscom.intervozes.org.br\/index.php?rest_route=%2Fwp%2Fv2%2Fmedia&parent=18051"}],"wp:term":[{"taxonomy":"category","embeddable":true,"href":"https:\/\/obscom.intervozes.org.br\/index.php?rest_route=%2Fwp%2Fv2%2Fcategories&post=18051"},{"taxonomy":"post_tag","embeddable":true,"href":"https:\/\/obscom.intervozes.org.br\/index.php?rest_route=%2Fwp%2Fv2%2Ftags&post=18051"}],"curies":[{"name":"wp","href":"https:\/\/api.w.org\/{rel}","templated":true}]}}