{"id":18043,"date":"2007-02-14T13:19:32","date_gmt":"2007-02-14T13:19:32","guid":{"rendered":"https:\/\/obscom.intervozes.org.br\/wordpress\/?p=18043"},"modified":"2007-02-14T13:19:32","modified_gmt":"2007-02-14T13:19:32","slug":"festival-com-tematica-ambiental-abre-inscricoes","status":"publish","type":"post","link":"https:\/\/obscom.intervozes.org.br\/?p=18043","title":{"rendered":"Festival com tem\u00e1tica ambiental abre inscri\u00e7\u00f5es"},"content":{"rendered":"<p>Est&atilde;o abertas at&eacute; 16 de mar&ccedil;o as inscri&ccedil;&otilde;es para o 9&deg; Festival Internacional  de Cinema e V&iacute;deo Ambiental &#8211; IX Fica, que acontece na Cidade de Goi&aacute;s, de 12 a  17 de junho de 2007. O IX Fica aceita inscri&ccedil;&otilde;es de obras audiovisuais de cinema  (35 mm e 16 mm) e v&iacute;deo com tem&aacute;tica ambiental, produzidas a partir de 1&deg; de  janeiro de 2005. Ser&atilde;o premiados trabalhos nas categorias s&eacute;rie televisiva;  curta, m&eacute;dia e longa-metragens; e melhor produ&ccedil;&atilde;o goiana. Inscri&ccedil;&otilde;es e  informa&ccedil;&otilde;es: <a href=\"http:\/\/www.fica.art.br\/\">www.fica.art.br<\/a> e <a href=\"http:\/\/www.agepel.go.gov.br\/\">www.agepel.go.gov.br<\/a> ou pelo telefone  (62) 3225-3436. <\/p>\n","protected":false},"excerpt":{"rendered":"<p>Est&atilde;o abertas at&eacute; 16 de mar&ccedil;o as inscri&ccedil;&otilde;es para o 9&deg; Festival Internacional de Cinema e V&iacute;deo Ambiental &#8211; IX Fica, que acontece na Cidade de Goi&aacute;s, de 12 a 17 de junho de 2007. O IX Fica aceita inscri&ccedil;&otilde;es de obras audiovisuais de cinema (35 mm e 16 mm) e v&iacute;deo com tem&aacute;tica ambiental, &hellip; <a href=\"https:\/\/obscom.intervozes.org.br\/?p=18043\" class=\"more-link\">Continue lendo <span class=\"screen-reader-text\">Festival com tem\u00e1tica ambiental abre inscri\u00e7\u00f5es<\/span> <span class=\"meta-nav\">&rarr;<\/span><\/a><\/p>\n","protected":false},"author":1,"featured_media":0,"comment_status":"open","ping_status":"open","sticky":false,"template":"","format":"standard","meta":{"footnotes":""},"categories":[40],"tags":[120],"_links":{"self":[{"href":"https:\/\/obscom.intervozes.org.br\/index.php?rest_route=\/wp\/v2\/posts\/18043"}],"collection":[{"href":"https:\/\/obscom.intervozes.org.br\/index.php?rest_route=\/wp\/v2\/posts"}],"about":[{"href":"https:\/\/obscom.intervozes.org.br\/index.php?rest_route=\/wp\/v2\/types\/post"}],"author":[{"embeddable":true,"href":"https:\/\/obscom.intervozes.org.br\/index.php?rest_route=\/wp\/v2\/users\/1"}],"replies":[{"embeddable":true,"href":"https:\/\/obscom.intervozes.org.br\/index.php?rest_route=%2Fwp%2Fv2%2Fcomments&post=18043"}],"version-history":[{"count":0,"href":"https:\/\/obscom.intervozes.org.br\/index.php?rest_route=\/wp\/v2\/posts\/18043\/revisions"}],"wp:attachment":[{"href":"https:\/\/obscom.intervozes.org.br\/index.php?rest_route=%2Fwp%2Fv2%2Fmedia&parent=18043"}],"wp:term":[{"taxonomy":"category","embeddable":true,"href":"https:\/\/obscom.intervozes.org.br\/index.php?rest_route=%2Fwp%2Fv2%2Fcategories&post=18043"},{"taxonomy":"post_tag","embeddable":true,"href":"https:\/\/obscom.intervozes.org.br\/index.php?rest_route=%2Fwp%2Fv2%2Ftags&post=18043"}],"curies":[{"name":"wp","href":"https:\/\/api.w.org\/{rel}","templated":true}]}}