{"id":18037,"date":"2007-02-13T21:47:31","date_gmt":"2007-02-13T21:47:31","guid":{"rendered":"https:\/\/obscom.intervozes.org.br\/wordpress\/?p=18037"},"modified":"2007-02-13T21:47:31","modified_gmt":"2007-02-13T21:47:31","slug":"emissoras-publicas-apoiam-a-classificacao-indicativa","status":"publish","type":"post","link":"https:\/\/obscom.intervozes.org.br\/?p=18037","title":{"rendered":"Emissoras p\u00fablicas ap\u00f3iam a Classifica\u00e7\u00e3o Indicativa"},"content":{"rendered":"<p>http:\/\/www.andi.org.br\/<\/p>\n<p>Representantes de emissoras p&uacute;blicas de tev&ecirc; estiveram hoje (13\/2) no Minist&eacute;rio da Justi&ccedil;a para manifestar o apoio &agrave; nova regulamenta&ccedil;&atilde;o da classifica&ccedil;&atilde;o indicativa de programas de televis&atilde;o. As emissoras do chamado Campo P&uacute;blico defendem o processo como uma conquista da cidadania e refutam a tese defendida pelas empresas comerciais de comunica&ccedil;&atilde;o de que as novas regras sejam uma amea&ccedil;a &agrave; liberdade de express&atilde;o.<\/p>\n<p>Estavam presentes &agrave; reuni&atilde;o representantes da Associa&ccedil;&atilde;o Brasileira de Televis&atilde;o Universit&aacute;ria (ABTU), da Associa&ccedil;&atilde;o Brasileira de Televis&otilde;es e R&aacute;dios Comunit&aacute;rias (ABCCOM), da Associa&ccedil;&atilde;o Brasileira de Televis&otilde;es e R&aacute;dios Legislativas (ASTRAL) e da Associa&ccedil;&atilde;o Brasileira de Emissoras P&uacute;blicas, Educativas e Culturais (ABEP). <\/p>\n<p>Para Eug&ecirc;nio Bucci, presidente da Radiobr&aacute;s e representante da ABEP, o avan&ccedil;o representado pela Classifica&ccedil;&atilde;o Indicativa &eacute; claro. &ldquo;Todos os pa&iacute;ses democr&aacute;ticos do mundo disp&otilde;em de modelos semelhantes que permitem aos pais o controle sobre os conte&uacute;dos que ir&atilde;o disponibilizar aos filhos. N&oacute;s estamos indo na dire&ccedil;&atilde;o desses bons exemplos&rdquo;. Ele acrescenta que n&atilde;o existe a possibilidade de censura nesse processo: &ldquo;Nunca se cogitou o impedimento a qualquer conte&uacute;do e a sociedade foi amplamente ouvida&rdquo;.<\/p>\n<p>Para Gabriel Priolli, presidente da ABTU, a nova Classifica&ccedil;&atilde;o Indicativa garante aos pais o direito de escolher o que seus filhos v&atilde;o assistir na TV. Neste sentido ele refor&ccedil;a que &ldquo;os interesses comerciais n&atilde;o podem se sobrepor aos interesses p&uacute;blicos&rdquo;.<\/p>\n<p>Jos&eacute; Eduardo Elias Rom&atilde;o, diretor do Departamento de Justi&ccedil;a, Classifica&ccedil;&atilde;o, T&iacute;tulos e Qualifica&ccedil;&atilde;o (Dejus) do Minist&eacute;rio da Justi&ccedil;a, ressaltou que o princ&iacute;pio norteador de todo o processo de constru&ccedil;&atilde;o do novo modelo de Classifica&ccedil;&atilde;o foi a prote&ccedil;&atilde;o de crian&ccedil;as e adolescentes de forma igualit&aacute;ria. Nesse sentido, a recomenda&ccedil;&atilde;o de hor&aacute;rios para a veicula&ccedil;&atilde;o de programas que contenham cenas de sexo ou viol&ecirc;ncia &ndash; principal motivo de discord&acirc;ncia por parte das emissoras comerciais &ndash; atende a um direito das crian&ccedil;as que vinha sendo historicamente desrespeitado. Em especial na regi&atilde;o amaz&ocirc;nica, onde a diferen&ccedil;a de fuso hor&aacute;rio provoca enormes distor&ccedil;&otilde;es. Foi uma demanda do Governo e do Minist&eacute;rio P&uacute;blico do Acre que a programa&ccedil;&atilde;o das emissoras observe a inadequa&ccedil;&atilde;o de hor&aacute;rio provocada pela diferen&ccedil;a de fuso, salientou Antenor Madruga, secret&aacute;rio Nacional de Justi&ccedil;a.<\/p>\n","protected":false},"excerpt":{"rendered":"<p>Representantes de emissoras p\u00fablicas de tev\u00ea estiveram hoje (13\/2) no Minist\u00e9rio da Justi\u00e7a para manifestar o apoio \u00e0 nova regulamenta\u00e7\u00e3o da classifica\u00e7\u00e3o indicativa de programas de televis\u00e3o.<\/p>\n","protected":false},"author":1,"featured_media":0,"comment_status":"open","ping_status":"open","sticky":false,"template":"","format":"standard","meta":{"footnotes":""},"categories":[40],"tags":[117],"_links":{"self":[{"href":"https:\/\/obscom.intervozes.org.br\/index.php?rest_route=\/wp\/v2\/posts\/18037"}],"collection":[{"href":"https:\/\/obscom.intervozes.org.br\/index.php?rest_route=\/wp\/v2\/posts"}],"about":[{"href":"https:\/\/obscom.intervozes.org.br\/index.php?rest_route=\/wp\/v2\/types\/post"}],"author":[{"embeddable":true,"href":"https:\/\/obscom.intervozes.org.br\/index.php?rest_route=\/wp\/v2\/users\/1"}],"replies":[{"embeddable":true,"href":"https:\/\/obscom.intervozes.org.br\/index.php?rest_route=%2Fwp%2Fv2%2Fcomments&post=18037"}],"version-history":[{"count":0,"href":"https:\/\/obscom.intervozes.org.br\/index.php?rest_route=\/wp\/v2\/posts\/18037\/revisions"}],"wp:attachment":[{"href":"https:\/\/obscom.intervozes.org.br\/index.php?rest_route=%2Fwp%2Fv2%2Fmedia&parent=18037"}],"wp:term":[{"taxonomy":"category","embeddable":true,"href":"https:\/\/obscom.intervozes.org.br\/index.php?rest_route=%2Fwp%2Fv2%2Fcategories&post=18037"},{"taxonomy":"post_tag","embeddable":true,"href":"https:\/\/obscom.intervozes.org.br\/index.php?rest_route=%2Fwp%2Fv2%2Ftags&post=18037"}],"curies":[{"name":"wp","href":"https:\/\/api.w.org\/{rel}","templated":true}]}}