{"id":18036,"date":"2007-02-13T21:44:05","date_gmt":"2007-02-13T21:44:05","guid":{"rendered":"https:\/\/obscom.intervozes.org.br\/wordpress\/?p=18036"},"modified":"2007-02-13T21:44:05","modified_gmt":"2007-02-13T21:44:05","slug":"relatorio-aponta-importancia-da-educomunicacao-nas-escolas","status":"publish","type":"post","link":"https:\/\/obscom.intervozes.org.br\/?p=18036","title":{"rendered":"Relat\u00f3rio aponta import\u00e2ncia da Educomunica\u00e7\u00e3o nas escolas"},"content":{"rendered":"\n<p class=\"MsoNormal\"><a href=\"http:\/\/www.moc.org.br\/noticias_exibir.php?mostrar=90\">http:\/\/www.moc.org.br\/noticias_exibir.php?mostrar=90<\/a> <\/p>\n<p>Como parte da proposta de democratizar a comunica&ccedil;&atilde;o, o MOC desenvolve desde 2005 a&ccedil;&otilde;es de educomunica&ccedil;&atilde;o nas escolas do campo. Dentro dessa proposta, os educadores s&atilde;o estimulados a trabalharem a produ&ccedil;&atilde;o de m&iacute;dias educativas como programas de r&aacute;dio e boletins, estimulando a participa&ccedil;&atilde;o ativa de crian&ccedil;as e adolescentes nos processos de constru&ccedil;&atilde;o desses meios. Ao mesmo tempo, os educadores promovem debates e a reflex&atilde;o cr&iacute;tica dos conte&uacute;dos veiculados na grande m&iacute;dia.<\/p>\n<p>Em 2006, o MOC aceitou um desafio: Incluir a educomunica&ccedil;&atilde;o no dia-a-dia escolar de 10 escolas com metodologia do campo. As escolas foram selecionadas pelos coordenadores municipais do projeto Conhecer, Analisar e Transformar a realidade do campo (CAT) dos munic&iacute;pios de Concei&ccedil;&atilde;o do Coit&eacute;, Retirol&acirc;ndia e Valente, sendo que os pr&oacute;prios munic&iacute;pios foram os respons&aacute;veis pelas escolhas das escolas, turmas e professores. <\/p>\n<p>Para obter resultados positivos, o Programa de Comunica&ccedil;&atilde;o do MOC realizou oficinas de produ&ccedil;&atilde;o de programas nas 10 escolas, oficinas de capacita&ccedil;&atilde;o de educadores em educomunica&ccedil;&atilde;o nas m&iacute;dias r&aacute;dio e jornal e produziu, em parceria com a Ag&ecirc;ncia Mandacaru, o Jornal Giramundo que serve de instrumento pedag&oacute;gico e ajuda a fazer uma leitura da realidade. <\/p>\n<p>Em seu relat&oacute;rio final sobre as a&ccedil;&otilde;es de educomunica&ccedil;&atilde;o, Paulo Marcos, t&eacute;cnico do programa de comunica&ccedil;&atilde;o, aponta que houve avan&ccedil;os nos munic&iacute;pios trabalhados. Em Valente por exemplo, as escolas est&atilde;o produzindo jornal mural e boletins e fazendo a distribui&ccedil;&atilde;o nas demais escolas. Al&eacute;m disso, houve a grava&ccedil;&atilde;o do programa Encontro na Sala que teve a participa&ccedil;&atilde;o das fam&iacute;lias dos estudantes. <\/p>\n<p>Na comunidade de Lagoa Grande, no munic&iacute;pio de Retirol&acirc;ndia, os alunos foram al&eacute;m das grava&ccedil;&otilde;es do Encontro na Sala e com muita criatividade improvisaram uma caixa de som, um microfone e um aparelho de cd e fizeram uma r&aacute;dio. Todos os dias durante o intervalo eles apresentam o programa. Os professores de Lagoa Grande informaram que a educomunica&ccedil;&atilde;o despertou nos estudantes o gosto pela comunica&ccedil;&atilde;o e que os alunos est&atilde;o mais atentos aos programas jornal&iacute;sticos e sempre levam quest&otilde;es veiculadas na m&iacute;dia para a sala de aula. <\/p>\n<p>J&aacute; no munic&iacute;pio de Concei&ccedil;&atilde;o do Coit&eacute;, al&eacute;m do interesse pela leitura, os alunos passaram a valorizar mais as r&aacute;dios da regi&atilde;o, fazendo com que seus pais tamb&eacute;m escutem os programas. <\/p>\n<p>Mesmo com algumas dificuldades, os professores percebem a import&acirc;ncia de continuar realizando esse trabalho. Atrav&eacute;s da educomunica&ccedil;&atilde;o do campo, os alunos e tamb&eacute;m os professores tiveram um aumento na auto-estima. Paulo Marcos diz ser gratificante perceber o quanto os alunos est&atilde;o &iacute;ntimos do r&aacute;dio e quem sabe, em alguns anos, possamos ter novos comunicadores na regi&atilde;o.<\/p>\n<p>No dia 08 de novembro, foi realizado no munic&iacute;pio de Concei&ccedil;&atilde;o do Coit&eacute; uma avalia&ccedil;&atilde;o das a&ccedil;&otilde;es realizadas durante o ano. Nessa reuni&atilde;o, os participantes sugeriram que o MOC realize um semin&aacute;rio sobre o assunto e que as prefeituras locais pensem na possibilidade de ampliar o projeto. <\/p>\n<p>&nbsp;<\/p>\n<p>&nbsp;<\/p>\n","protected":false},"excerpt":{"rendered":"<p>http:\/\/www.moc.org.br\/noticias_exibir.php?mostrar=90 Como parte da proposta de democratizar a comunica&ccedil;&atilde;o, o MOC desenvolve desde 2005 a&ccedil;&otilde;es de educomunica&ccedil;&atilde;o nas escolas do campo. Dentro dessa proposta, os educadores s&atilde;o estimulados a trabalharem a produ&ccedil;&atilde;o de m&iacute;dias educativas como programas de r&aacute;dio e boletins, estimulando a participa&ccedil;&atilde;o ativa de crian&ccedil;as e adolescentes nos processos de constru&ccedil;&atilde;o desses meios. &hellip; <a href=\"https:\/\/obscom.intervozes.org.br\/?p=18036\" class=\"more-link\">Continue lendo <span class=\"screen-reader-text\">Relat\u00f3rio aponta import\u00e2ncia da Educomunica\u00e7\u00e3o nas escolas<\/span> <span class=\"meta-nav\">&rarr;<\/span><\/a><\/p>\n","protected":false},"author":1,"featured_media":0,"comment_status":"open","ping_status":"open","sticky":false,"template":"","format":"standard","meta":{"footnotes":""},"categories":[40],"tags":[116],"_links":{"self":[{"href":"https:\/\/obscom.intervozes.org.br\/index.php?rest_route=\/wp\/v2\/posts\/18036"}],"collection":[{"href":"https:\/\/obscom.intervozes.org.br\/index.php?rest_route=\/wp\/v2\/posts"}],"about":[{"href":"https:\/\/obscom.intervozes.org.br\/index.php?rest_route=\/wp\/v2\/types\/post"}],"author":[{"embeddable":true,"href":"https:\/\/obscom.intervozes.org.br\/index.php?rest_route=\/wp\/v2\/users\/1"}],"replies":[{"embeddable":true,"href":"https:\/\/obscom.intervozes.org.br\/index.php?rest_route=%2Fwp%2Fv2%2Fcomments&post=18036"}],"version-history":[{"count":0,"href":"https:\/\/obscom.intervozes.org.br\/index.php?rest_route=\/wp\/v2\/posts\/18036\/revisions"}],"wp:attachment":[{"href":"https:\/\/obscom.intervozes.org.br\/index.php?rest_route=%2Fwp%2Fv2%2Fmedia&parent=18036"}],"wp:term":[{"taxonomy":"category","embeddable":true,"href":"https:\/\/obscom.intervozes.org.br\/index.php?rest_route=%2Fwp%2Fv2%2Fcategories&post=18036"},{"taxonomy":"post_tag","embeddable":true,"href":"https:\/\/obscom.intervozes.org.br\/index.php?rest_route=%2Fwp%2Fv2%2Ftags&post=18036"}],"curies":[{"name":"wp","href":"https:\/\/api.w.org\/{rel}","templated":true}]}}