{"id":18032,"date":"2007-02-13T21:12:47","date_gmt":"2007-02-13T21:12:47","guid":{"rendered":"https:\/\/obscom.intervozes.org.br\/wordpress\/?p=18032"},"modified":"2007-02-13T21:12:47","modified_gmt":"2007-02-13T21:12:47","slug":"mae-de-santo-pede-aumento-de-indenizacao-contra-abril","status":"publish","type":"post","link":"https:\/\/obscom.intervozes.org.br\/?p=18032","title":{"rendered":"M\u00e3e-de-santo pede aumento de indeniza\u00e7\u00e3o contra Abril"},"content":{"rendered":"<p>O Superior Tribunal de Justi&ccedil;a vai julgar o pedido de aumento de indeniza&ccedil;&atilde;o  de Silvia Egydio, conhecida como &#39;M&atilde;e Silvia&#39;, contra a Editora Abril. A decis&atilde;o  foi tomada pela 4&ordf; Turma do STJ, no julgamento de um Agravo de Instrumento  ajuizada pela defesa da m&atilde;e-de-santo.  <\/p>\n<p>De acordo com o processo, a revista Web , publicada pela editora, publicou a  foto de M&atilde;e Silvia em uma reportagem que se referia a outra m&atilde;e-de-santo, a &#39;M&atilde;e  Del Obaluai&ecirc;&#39;. Silva entrou com a&ccedil;&atilde;o de indeniza&ccedil;&atilde;o por danos morais, por  utiliza&ccedil;&atilde;o indevida de fotografia e ofensa &agrave; reputa&ccedil;&atilde;o. Alegou que a reportagem  foi pejorativa. A defesa ainda destacou a import&acirc;ncia dela no cen&aacute;rio nacional &mdash;  M&atilde;e Silvia coordena desde 1982 o maior terreiro de candombl&eacute; da Am&eacute;rica Latina.  <\/p>\n<p>A Abril se defendeu afirmando que a revista realmente publicou a foto errada.  A M&atilde;e Del Abaluai&ecirc; chegou a entrar em contato com areda&ccedil;&atilde;o da revista, agradeceu  a not&iacute;cia e pediu a publica&ccedil;&atilde;o de uma errata destacando o equ&iacute;voco da foto. <\/p>\n<p>A solicita&ccedil;&atilde;o foi prontamente atendida. Por isso, a reportagem n&atilde;o poderia  ser classificada como pejorativa, j&aacute; que &#39;n&atilde;o se extraiu do texto nenhuma ofensa  a sua pessoa ou &agrave; respeitabilidade do seu trabalho no candombl&eacute;, bem como,  representante ferrenha na luta por todas as causas de interesse da ra&ccedil;a negra&#39;.  <\/p>\n<p>Andamento A primeira inst&acirc;ncia negou o pedido. A m&atilde;e-de-santo apelou. O  Tribunal de Justi&ccedil;a de S&atilde;o Paulo acolheu parte do pedido e condenoua Editora  Abril ao pagamento de indeniza&ccedil;&atilde;o por danos morais no valor de 10 sal&aacute;rios  m&iacute;nimos. <\/p>\n<p>Como o valor fixado foi menor do que o solicitado, a segunda inst&acirc;ncia  entendeu haver sucumb&ecirc;ncia rec&iacute;proca (quando fica para cada parte o pagamento de  suas custas no processo). Mesmo com o reconhecimento do direito &agrave; indeniza&ccedil;&atilde;o,  Sylvia Egydio entrou com Recurso Especial, para aumentar o valor da repara&ccedil;&atilde;o e  se livrar da sucumb&ecirc;ncia rec&iacute;proca. <\/p>\n<p>O TJ paulista n&atilde;o autorizou a subida do recurso. Por isso foi ajuizado Agravo  de Instrumento no STJ. <\/p>\n","protected":false},"excerpt":{"rendered":"<p>O Superior Tribunal de Justi&ccedil;a vai julgar o pedido de aumento de indeniza&ccedil;&atilde;o de Silvia Egydio, conhecida como &#39;M&atilde;e Silvia&#39;, contra a Editora Abril. A decis&atilde;o foi tomada pela 4&ordf; Turma do STJ, no julgamento de um Agravo de Instrumento ajuizada pela defesa da m&atilde;e-de-santo. De acordo com o processo, a revista Web , publicada &hellip; <a href=\"https:\/\/obscom.intervozes.org.br\/?p=18032\" class=\"more-link\">Continue lendo <span class=\"screen-reader-text\">M\u00e3e-de-santo pede aumento de indeniza\u00e7\u00e3o contra Abril<\/span> <span class=\"meta-nav\">&rarr;<\/span><\/a><\/p>\n","protected":false},"author":1,"featured_media":0,"comment_status":"open","ping_status":"open","sticky":false,"template":"","format":"standard","meta":{"footnotes":""},"categories":[40],"tags":[112],"_links":{"self":[{"href":"https:\/\/obscom.intervozes.org.br\/index.php?rest_route=\/wp\/v2\/posts\/18032"}],"collection":[{"href":"https:\/\/obscom.intervozes.org.br\/index.php?rest_route=\/wp\/v2\/posts"}],"about":[{"href":"https:\/\/obscom.intervozes.org.br\/index.php?rest_route=\/wp\/v2\/types\/post"}],"author":[{"embeddable":true,"href":"https:\/\/obscom.intervozes.org.br\/index.php?rest_route=\/wp\/v2\/users\/1"}],"replies":[{"embeddable":true,"href":"https:\/\/obscom.intervozes.org.br\/index.php?rest_route=%2Fwp%2Fv2%2Fcomments&post=18032"}],"version-history":[{"count":0,"href":"https:\/\/obscom.intervozes.org.br\/index.php?rest_route=\/wp\/v2\/posts\/18032\/revisions"}],"wp:attachment":[{"href":"https:\/\/obscom.intervozes.org.br\/index.php?rest_route=%2Fwp%2Fv2%2Fmedia&parent=18032"}],"wp:term":[{"taxonomy":"category","embeddable":true,"href":"https:\/\/obscom.intervozes.org.br\/index.php?rest_route=%2Fwp%2Fv2%2Fcategories&post=18032"},{"taxonomy":"post_tag","embeddable":true,"href":"https:\/\/obscom.intervozes.org.br\/index.php?rest_route=%2Fwp%2Fv2%2Ftags&post=18032"}],"curies":[{"name":"wp","href":"https:\/\/api.w.org\/{rel}","templated":true}]}}