{"id":18027,"date":"2007-02-13T12:20:04","date_gmt":"2007-02-13T12:20:04","guid":{"rendered":"https:\/\/obscom.intervozes.org.br\/wordpress\/?p=18027"},"modified":"2007-02-13T12:20:04","modified_gmt":"2007-02-13T12:20:04","slug":"i-forum-nacional-de-tvs-publicas-acontece-em-abril","status":"publish","type":"post","link":"https:\/\/obscom.intervozes.org.br\/?p=18027","title":{"rendered":"I F\u00f3rum Nacional de TVs P\u00fablicas acontece em abril"},"content":{"rendered":"<p>O I F&oacute;rum Nacional de TVs P&uacute;blicas ser&aacute; realizado em Bras&iacute;lia, no per&iacute;odo de 11 a 14 de abril de 2007. A data foi definida na reuni&atilde;o de planejamento estrat&eacute;gico do F&oacute;rum realizada nesta quinta-feira, 8 de fevereiro, no Minist&eacute;rio da Cultura.<\/p>\n<p>Participaram do encontro representantes do grupo executivo de coordena&ccedil;&atilde;o do evento e as quatro associa&ccedil;&otilde;es das TVs p&uacute;blicas: Associa&ccedil;&atilde;o Brasileira de Televis&atilde;o Universit&aacute;ria (Abtu); Associa&ccedil;&atilde;o Brasileira de Televis&otilde;es e R&aacute;dios Educativas (Astral); Associa&ccedil;&atilde;o Brasileira de Emissoras P&uacute;blicas, Educativas e Culturais (Abepec) e Associa&ccedil;&atilde;o Brasileira de Canais Comunit&aacute;rios (Abccom).<\/p>\n<p>O I F&oacute;rum vai ouvir a sociedade civil e amplos segmentos do setor de telecomunica&ccedil;&otilde;es no pa&iacute;s, para colher subs&iacute;dios &agrave; formula&ccedil;&atilde;o das pol&iacute;ticas de governo para a rede de televis&otilde;es estatais do Brasil.<\/p>\n<p><strong>Moderniza&ccedil;&atilde;o do Sistema<\/strong><\/p>\n<p>As intensas transforma&ccedil;&otilde;es no setor de transmiss&atilde;o e divulga&ccedil;&atilde;o eletr&ocirc;nica de imagens, principalmente a chegada da TV digital, impulsionaram a realiza&ccedil;&atilde;o do I F&oacute;rum Nacional. As discuss&otilde;es para a realiza&ccedil;&atilde;o do evento v&ecirc;m acontecendo desde setembro de 2006 e j&aacute; resultaram na elabora&ccedil;&atilde;o e divulga&ccedil;&atilde;o de publica&ccedil;&otilde;es que falam sobre o Sistema de Comunica&ccedil;&atilde;o P&uacute;blica.<\/p>\n<p>Segundo o coordenador executivo do F&oacute;rum, M&aacute;rio Borgneth, a TV p&uacute;blica tem um papel essencial na constru&ccedil;&atilde;o da cidadania do brasileiro, funcionando como uma importante ferramenta de amplia&ccedil;&atilde;o do repert&oacute;rio cultural e educativo da popula&ccedil;&atilde;o, e por isso precisa acompanhar o desenvolvimento tecnol&oacute;gico do meio.<\/p>\n","protected":false},"excerpt":{"rendered":"<p>O I F\u00f3rum Nacional de TVs P\u00fablicas ser\u00e1 realizado em Bras\u00edlia, no per\u00edodo de 11 a 14 de abril de 2007. A data foi definida na reuni\u00e3o de planejamento estrat\u00e9gico do F\u00f3rum realizada nesta quinta-feira, 8 de fevereiro, no Minist\u00e9rio da Cultura.<\/p>\n","protected":false},"author":1,"featured_media":0,"comment_status":"open","ping_status":"open","sticky":false,"template":"","format":"standard","meta":{"footnotes":""},"categories":[40],"tags":[110],"_links":{"self":[{"href":"https:\/\/obscom.intervozes.org.br\/index.php?rest_route=\/wp\/v2\/posts\/18027"}],"collection":[{"href":"https:\/\/obscom.intervozes.org.br\/index.php?rest_route=\/wp\/v2\/posts"}],"about":[{"href":"https:\/\/obscom.intervozes.org.br\/index.php?rest_route=\/wp\/v2\/types\/post"}],"author":[{"embeddable":true,"href":"https:\/\/obscom.intervozes.org.br\/index.php?rest_route=\/wp\/v2\/users\/1"}],"replies":[{"embeddable":true,"href":"https:\/\/obscom.intervozes.org.br\/index.php?rest_route=%2Fwp%2Fv2%2Fcomments&post=18027"}],"version-history":[{"count":0,"href":"https:\/\/obscom.intervozes.org.br\/index.php?rest_route=\/wp\/v2\/posts\/18027\/revisions"}],"wp:attachment":[{"href":"https:\/\/obscom.intervozes.org.br\/index.php?rest_route=%2Fwp%2Fv2%2Fmedia&parent=18027"}],"wp:term":[{"taxonomy":"category","embeddable":true,"href":"https:\/\/obscom.intervozes.org.br\/index.php?rest_route=%2Fwp%2Fv2%2Fcategories&post=18027"},{"taxonomy":"post_tag","embeddable":true,"href":"https:\/\/obscom.intervozes.org.br\/index.php?rest_route=%2Fwp%2Fv2%2Ftags&post=18027"}],"curies":[{"name":"wp","href":"https:\/\/api.w.org\/{rel}","templated":true}]}}