{"id":18025,"date":"2007-02-13T12:02:05","date_gmt":"2007-02-13T12:02:05","guid":{"rendered":"https:\/\/obscom.intervozes.org.br\/wordpress\/?p=18025"},"modified":"2007-02-13T12:02:05","modified_gmt":"2007-02-13T12:02:05","slug":"brasil-ratifica-convencao-da-unesco","status":"publish","type":"post","link":"https:\/\/obscom.intervozes.org.br\/?p=18025","title":{"rendered":"Brasil ratifica Conven\u00e7\u00e3o da UNESCO"},"content":{"rendered":"<p>O Brasil acaba de ratificar a Conven&ccedil;&atilde;o para a Prote&ccedil;&atilde;o e Promo&ccedil;&atilde;o da Diversidade das Express&otilde;es Culturais, conhecida por Conven&ccedil;&atilde;o da Diversidade, que havia sido aprovada pela Confer&ecirc;ncia Geral da UNESCO em outubro do ano passado.&nbsp;<\/p>\n<p>Outros 43 pa&iacute;ses j&aacute; o fizeram, o que permitir&aacute; que a Conven&ccedil;&atilde;o entre em vigor a partir de 18 de mar&ccedil;o de 2007. Segundo o Diretor Geral da UNESCO, Koichiro Matsuura, &ldquo;a rapidez do processo de ratifica&ccedil;&atilde;o &eacute; sem precedentes na hist&oacute;ria da UNESCO. Nenhuma das demais conven&ccedil;&otilde;es da &aacute;rea cultural foi adotada por tantos pa&iacute;ses em t&atilde;o pouco tempo&rdquo;.&nbsp;<\/p>\n<p>&quot;O Brasil apresenta uma trajet&oacute;ria hist&oacute;rica de alinhamento com as diretrizes da UNESCO no campo das pol&iacute;ticas culturais e a Conven&ccedil;&atilde;o da Diversidade Cultural pode ser considerada como uma s&iacute;ntese dessa trajet&oacute;ria&quot;, comenta a coordenadora de Cultura da UNESCO no Brasil, Jurema Machado.&nbsp;&nbsp;<\/p>\n<p>A Conven&ccedil;&atilde;o &eacute; o instrumento normativo m&aacute;ximo de que disp&otilde;e a UNESCO. Tem car&aacute;ter vinculante, ou seja, cria compromissos para os estados-membros. &quot;N&atilde;o &eacute; uma mera carta de princ&iacute;pios, mas refere-se a &acirc;mbitos culturais concretos para os quais se estabelece um marco de refer&ecirc;ncia e regras aceit&aacute;veis pelo maior n&uacute;mero poss&iacute;vel de pa&iacute;ses&quot;, completou ela.&nbsp;&nbsp;<\/p>\n<p>O objeto desta Conven&ccedil;&atilde;o &ndash; a Diversidade Cultural &ndash; &eacute; multifacetado e, por essa raz&atilde;o, faz v&iacute;nculo com um grande n&uacute;mero de instrumentos normativos j&aacute; adotados pela UNESCO, n&atilde;o s&oacute; na &aacute;rea da Cultura, mas na &aacute;rea da Educa&ccedil;&atilde;o, das Ci&ecirc;ncias Sociais, da Comunica&ccedil;&atilde;o e, mais recentemente, do Meio Ambiente.&nbsp;<\/p>\n<p>A atual Conven&ccedil;&atilde;o resulta de um longo processo de matura&ccedil;&atilde;o de dois anos de intensas negocia&ccedil;&otilde;es. Seu texto reafirma a rela&ccedil;&otilde;es entre cultura, desenvolvimento e di&aacute;logo a procura criar uma nova plataforma para a coopera&ccedil;&atilde;o internacional. Um dos seus aspectos mais not&aacute;veis &eacute; a reafirma&ccedil;&atilde;o da soberania dos pa&iacute;ses para elaborar suas pol&iacute;ticas culturais, tendo em vista proteger e promover da diversidade das express&otilde;es culturais a criar condi&ccedil;&otilde;es para que as culturas flores&ccedil;am e interajam com liberdade de uma forma que beneficie mutuamente as partes envolvidas.<\/p>\n","protected":false},"excerpt":{"rendered":"<p>O Brasil acaba de ratificar a Conven\u00e7\u00e3o para a Prote\u00e7\u00e3o e Promo\u00e7\u00e3o da Diversidade das Express\u00f5es Culturais, conhecida por Conven\u00e7\u00e3o da Diversidade, que havia sido aprovada pela Confer\u00eancia Geral da UNESCO em outubro do ano passado.<\/p>\n","protected":false},"author":1,"featured_media":0,"comment_status":"open","ping_status":"open","sticky":false,"template":"","format":"standard","meta":{"footnotes":""},"categories":[40],"tags":[109],"_links":{"self":[{"href":"https:\/\/obscom.intervozes.org.br\/index.php?rest_route=\/wp\/v2\/posts\/18025"}],"collection":[{"href":"https:\/\/obscom.intervozes.org.br\/index.php?rest_route=\/wp\/v2\/posts"}],"about":[{"href":"https:\/\/obscom.intervozes.org.br\/index.php?rest_route=\/wp\/v2\/types\/post"}],"author":[{"embeddable":true,"href":"https:\/\/obscom.intervozes.org.br\/index.php?rest_route=\/wp\/v2\/users\/1"}],"replies":[{"embeddable":true,"href":"https:\/\/obscom.intervozes.org.br\/index.php?rest_route=%2Fwp%2Fv2%2Fcomments&post=18025"}],"version-history":[{"count":0,"href":"https:\/\/obscom.intervozes.org.br\/index.php?rest_route=\/wp\/v2\/posts\/18025\/revisions"}],"wp:attachment":[{"href":"https:\/\/obscom.intervozes.org.br\/index.php?rest_route=%2Fwp%2Fv2%2Fmedia&parent=18025"}],"wp:term":[{"taxonomy":"category","embeddable":true,"href":"https:\/\/obscom.intervozes.org.br\/index.php?rest_route=%2Fwp%2Fv2%2Fcategories&post=18025"},{"taxonomy":"post_tag","embeddable":true,"href":"https:\/\/obscom.intervozes.org.br\/index.php?rest_route=%2Fwp%2Fv2%2Ftags&post=18025"}],"curies":[{"name":"wp","href":"https:\/\/api.w.org\/{rel}","templated":true}]}}