{"id":18022,"date":"2007-02-12T12:53:17","date_gmt":"2007-02-12T12:53:17","guid":{"rendered":"https:\/\/obscom.intervozes.org.br\/wordpress\/?p=18022"},"modified":"2007-02-12T12:53:17","modified_gmt":"2007-02-12T12:53:17","slug":"prazo-para-registrar-radios-comunitarias-em-sp-e-dia-5-de-marco","status":"publish","type":"post","link":"https:\/\/obscom.intervozes.org.br\/?p=18022","title":{"rendered":"Prazo para registrar r\u00e1dios comunit\u00e1rias em SP \u00e9 dia 5 de mar\u00e7o"},"content":{"rendered":"<p>&Eacute; hora das &uacute;ltimas provid&ecirc;ncias no processo de registro &#8211; ou legaliza&ccedil;&atilde;o &#8211; das r&aacute;dios comunit&aacute;rias na cidade de S&atilde;o Paulo. O prazo final determinado pelo Aviso de Habilita&ccedil;&atilde;o 03\/2006 do Minist&eacute;rio das Comunica&ccedil;&otilde;es se encerra no pr&oacute;ximo dia 5 de mar&ccedil;o. Quem estiver finalizando sua documenta&ccedil;&atilde;o ter&aacute; uma &uacute;ltima chance de receber assessoria na prepara&ccedil;&atilde;o da documenta&ccedil;&atilde;o exigida pelo minist&eacute;rio (ver aqui) e n&atilde;o deve demorar para pedir o apoio t&eacute;cnico da equipe reunida pelo escrit&oacute;rio paulista da AMARC na determina&ccedil;&atilde;o das coordenadas geogr&aacute;ficas (GPS) da entidade interessada no registro.     <\/p>\n<p>As entidades que est&atilde;o dando apoio jur&iacute;dico e fazendo a verifica&ccedil;&atilde;o de documentos ir&atilde;o realizar um &uacute;ltimo mutir&atilde;o de assist&ecirc;ncia &agrave;s entidades que necessitarem dessa orienta&ccedil;&atilde;o. O mutir&atilde;o, preparado pelo Escrit&oacute;rio Mod&ecirc;lo, Defensoria P&uacute;blica e a Anoreg (veja aqui os telefones e endere&ccedil;os para solicitar seu atendimento e maiores informa&ccedil;&otilde;es), ser&aacute; realizado em dois dias, logo ap&oacute;s o Carnaval, em data e local a serem anunciados em breve, com divulga&ccedil;&atilde;o neste site &#8212; volte sempre nos pr&oacute;ximos dias para confirma&ccedil;&atilde;o.<\/p>\n<p>Na pr&oacute;xima quarta-feira, dia 14, a equipe de Assessoria T&eacute;cnica formada pelos engenheiros reunidos pelo Escrit&oacute;rio Paulista da AMARC ir&aacute; se reunir para coordenar a tomada de coordenadas geogr&aacute;ficas das entidades que solicitaram este servi&ccedil;o. A reuni&atilde;o ser&aacute; &agrave;s 10 horas na OBOR&Eacute; &#8211; Rua Rego Freitas, 484 &#8211; 8o. andar. Confirme sua presen&ccedil;a pelo telefone 3214-3766, ramal 214.<\/p>\n<p>Ainda h&aacute; tempo, mas &eacute; preciso apressar provid&ecirc;ncias &#8211; Uma das quest&otilde;es apresentadas pelos presentes &agrave; 7a. Mesa de Trabalho desta sexta-feira foi sobre o prazo final para a apresenta&ccedil;&atilde;o dos documentos. Ainda d&aacute; tempo de entrar no processo? Sim, respondeu Ana Claudia Vazzoler, do Escrit&oacute;rio Mod&ecirc;lo. &quot;Mas n&atilde;o &eacute; muito tempo&quot;, ela diz. &quot;Quem estiver come&ccedil;ando agora a reunir a documenta&ccedil;&atilde;o precisa trabalhar r&aacute;pido e talvez continuar trabalhando durante o Carnaval&quot;. Conforme detalhado no Aviso de Habilita&ccedil;&atilde;o (veja aqui), a lista de documentos &eacute; extensa e alguns s&atilde;o tecnicamente complicados.<\/p>\n<p>A 7a. Mesa de Trabalho com o Minist&eacute;rio de Trabalho para a Habilita&ccedil;&atilde;o das R&aacute;dios Comunit&aacute;rias em S&atilde;o Paulo reunida neste dia 9 na Assembl&eacute;ia Legislativa de S&acirc;o Paulo foi a &uacute;ltima antes do prazo final determinado pelo minist&eacute;rio. A mesa foi coordenada por Mauricio Dantas &#8211; do Gabinete do deputado estadual Carlos Neder\/PT, tamb&eacute;m presente &agrave; reuni&atilde;o &#8211; e integrada pelo deputado federal Arnaldo Faria de S&aacute; (PTB\/SP); Sergio Gomes da OBOR&Eacute;\/AMARC; Camila Silva, do gabinete da vereadora Soninha Francine\/PT; Ana Claudia Vazzoler, do Escrit&oacute;rio Mod&ecirc;lo; Graciano Pinheiro de Siqueira, da ANOREG.<\/p>\n<p>&quot;S&atilde;o Paulo est&aacute; finalmente sendo inclu&iacute;da no contexto das r&aacute;dio comunit&aacute;rias e este movimento tem o meu apoio no Congresso Nacional&quot;, disse o deputado federal Arnaldo Faria de S&aacute; (foto acima, &agrave; direita). &quot;Se dez anos atr&aacute;s tentaram culpar as r&aacute;dios de baixa pot&ecirc;ncia at&eacute; por acidentes a&eacute;reos, hoje elas enfrentam uma nova realidade&quot;.<\/p>\n<p>&Eacute; importante notar que, mesmo com prazo curto, &eacute; mais importante tomar todo cuidado na prepara&ccedil;&atilde;o da documenta&ccedil;&atilde;o do que apressar a inscri&ccedil;&atilde;o no minist&eacute;rio. Explica&ccedil;&atilde;o: o minist&eacute;rio das Comunica&ccedil;&otilde;es n&atilde;o ir&aacute; dar prefer&ecirc;ncia aos candidatos de acordo com a ordem de entrada da inscri&ccedil;&atilde;o &#8212; mas ir&aacute; ir&aacute; analizar todas ap&oacute;s o dia 5 de mar&ccedil;o de acordo com a corre&ccedil;&atilde;o das informa&ccedil;&otilde;es e o n&uacute;mero de assinaturas nas manifesta&ccedil;&otilde;es de apoio que acompanham a inscri&ccedil;&atilde;o. <\/p>\n<p>A sess&atilde;o de mesas de trabalho ter&aacute; continuidade com uma 8a. Mesa de Trabalho, que ser&aacute; reunida na segunda quinzena de mar&ccedil;o. Data e local ser&atilde;o divulgadas assim que dispon&iacute;veis neste site. Clique aqui para solicitar informa&ccedil;&atilde;o da data por email.<\/p>\n<p>Os interessados em participar do aviso poder&atilde;o ter&atilde;o suporte jur&iacute;dico das entidades envolvidas no Mutir&atilde;o de apoio &agrave;s R&aacute;dios Comunit&aacute;rias:<\/p>\n<p><u>Escrit&oacute;rio Modelo Dom Paulo Evaristo Arns<\/u>: O Escrit&oacute;rio funciona de 2&ordf; a 6&ordf;feira, das 9h &agrave;s 18h. O hor&aacute;rio para atendimento ao p&uacute;blico vai das 13h30 &agrave;s 17h. Os interessados podem falar com Mara, Cl&aacute;udia, J&uacute;lia ou Renata. &Eacute; necess&aacute;rio agendar um hor&aacute;rio de atendimento por telefone. Endere&ccedil;o: Rua Jo&atilde;o Ramalho, 295. Telefones: (11) 3872-6992 ou 3873-3200.<\/p>\n<p><u>Defensoria P&uacute;blica<\/u>: Hor&aacute;rio de funcionamento: de 2&ordf; a 6&ordf;feira, das 10h &agrave;s 18h. &Eacute; necess&aacute;rio ligar para agendar um hor&aacute;rio de atendimento. Os interessados podem falar com Renata Flores Tibyri&ccedil;&aacute; ou Bruno Lupion. Telefone: (11) 3104-7152. Endere&ccedil;o: Av. Liberdade, 32 &ndash; 1&ordm; andar (Pr&oacute;ximo &agrave; Esta&ccedil;&atilde;o S&eacute; do Metr&ocirc;)<\/p>\n","protected":false},"excerpt":{"rendered":"<p>\u00c9 hora das \u00faltimas provid\u00eancias no processo de registro &#8211; ou legaliza\u00e7\u00e3o &#8211; das r\u00e1dios comunit\u00e1rias na cidade de S\u00e3o Paulo. O prazo final determinado pelo Aviso de Habilita\u00e7\u00e3o 03\/2006 do Minist\u00e9rio das Comunica\u00e7\u00f5es se encerra no pr\u00f3ximo dia 5 de mar\u00e7o. <\/p>\n","protected":false},"author":1,"featured_media":0,"comment_status":"open","ping_status":"open","sticky":false,"template":"","format":"standard","meta":{"footnotes":""},"categories":[40],"tags":[77],"_links":{"self":[{"href":"https:\/\/obscom.intervozes.org.br\/index.php?rest_route=\/wp\/v2\/posts\/18022"}],"collection":[{"href":"https:\/\/obscom.intervozes.org.br\/index.php?rest_route=\/wp\/v2\/posts"}],"about":[{"href":"https:\/\/obscom.intervozes.org.br\/index.php?rest_route=\/wp\/v2\/types\/post"}],"author":[{"embeddable":true,"href":"https:\/\/obscom.intervozes.org.br\/index.php?rest_route=\/wp\/v2\/users\/1"}],"replies":[{"embeddable":true,"href":"https:\/\/obscom.intervozes.org.br\/index.php?rest_route=%2Fwp%2Fv2%2Fcomments&post=18022"}],"version-history":[{"count":0,"href":"https:\/\/obscom.intervozes.org.br\/index.php?rest_route=\/wp\/v2\/posts\/18022\/revisions"}],"wp:attachment":[{"href":"https:\/\/obscom.intervozes.org.br\/index.php?rest_route=%2Fwp%2Fv2%2Fmedia&parent=18022"}],"wp:term":[{"taxonomy":"category","embeddable":true,"href":"https:\/\/obscom.intervozes.org.br\/index.php?rest_route=%2Fwp%2Fv2%2Fcategories&post=18022"},{"taxonomy":"post_tag","embeddable":true,"href":"https:\/\/obscom.intervozes.org.br\/index.php?rest_route=%2Fwp%2Fv2%2Ftags&post=18022"}],"curies":[{"name":"wp","href":"https:\/\/api.w.org\/{rel}","templated":true}]}}