{"id":18021,"date":"2007-02-12T12:20:45","date_gmt":"2007-02-12T12:20:45","guid":{"rendered":"https:\/\/obscom.intervozes.org.br\/wordpress\/?p=18021"},"modified":"2007-02-12T12:20:45","modified_gmt":"2007-02-12T12:20:45","slug":"anatel-preve-leilao-de-licencas-para-a-3g-ainda-este-ano","status":"publish","type":"post","link":"https:\/\/obscom.intervozes.org.br\/?p=18021","title":{"rendered":"Anatel prev\u00ea leil\u00e3o de licen\u00e7as para a 3G ainda este ano"},"content":{"rendered":"\n<p>O leil&atilde;o de licen&ccedil;as para a terceira gera&ccedil;&atilde;o da telefonia m&oacute;vel (3G) est&aacute; na  agenda da Anatel neste ano e, pela primeira vez em disputas desse g&ecirc;nero no  pa&iacute;s, dever&aacute; conceder incentivos &agrave;s empresas que se comprometerem a oferecer uma  cobertura mais abrangente. <\/p>\n<p>Em vez de reverter para a Uni&atilde;o os milh&otilde;es de reais que desembolsarem na  aquisi&ccedil;&atilde;o das freq&uuml;&ecirc;ncias (como geralmente ocorre nos processos de leil&otilde;es e  licita&ccedil;&otilde;es no Brasil), as operadoras vitoriosas poder&atilde;o abater os valores &agrave;  medida que fizerem investimentos para expandir a rede 3G para &aacute;reas remotas. O  objetivo da ag&ecirc;ncia &eacute; fazer com que n&atilde;o apenas as regi&otilde;es mais nobres tenham  acesso &agrave; tecnologia. O mecanismo &eacute; chamado de &#39;san&ccedil;&atilde;o premial&#39;. <\/p>\n<p>De acordo com o conselheiro da Anatel Jos&eacute; Leite Pereira Filho, o leil&atilde;o de  3G &eacute; uma prioridade para a ag&ecirc;ncia neste ano. &#39;A terceira gera&ccedil;&atilde;o &eacute; uma  necessidade e j&aacute; existem estudos aprofundados de como ela deve ser.&#39; <\/p>\n<p>Sob o mecanismo da &#39;san&ccedil;&atilde;o premial&#39;, as empresas participantes far&atilde;o suas  propostas financeiras. No lugar de pagar no ato, quem vencer apresentar&aacute; uma  esp&eacute;cie de cau&ccedil;&atilde;o banc&aacute;ria, que s&oacute; ser&aacute;descontada se a operadora n&atilde;o implementar  determinados projetos. &#39;Quanto mais ela investir na cobertura da rede, menor  ser&aacute; o desconto dessa garantia&#39;, explicou. A medida visa proporcionar um  atrativo para que as operadoras de celular disseminem a tecnologia de terceira  gera&ccedil;&atilde;o, que proporcionaservi&ccedil;os de voz e de banda larga m&oacute;vel. <\/p>\n<p>Hoje, 42% dos munic&iacute;pios brasileiros n&atilde;o t&ecirc;m cobertura de celular. Nessas  localidades vivem 10% da popula&ccedil;&atilde;o do pa&iacute;s. As operadoras aumentaram  significativamente suas redes nos &uacute;ltimos anos, mas alegam ser invi&aacute;vel investir  em cidadesmuito pequenas, pois o retorno financeiro n&atilde;o compensa. <\/p>\n<p>Na legisla&ccedil;&atilde;o do setor de telecomunica&ccedil;&otilde;es, a telefonia m&oacute;vel &eacute; considerada  um servi&ccedil;o privado. As operadoras n&atilde;o t&ecirc;m de cumprir metas de universaliza&ccedil;&atilde;o,  diferentemente das concession&aacute;rias de telefonia fixa, consideradas prestadoras  de servi&ccedil;o p&uacute;blico. <\/p>\n<p>Para as empresas de celular, a &#39;san&ccedil;&atilde;o premial&#39; tamb&eacute;m pode ser vantajosa na  racionaliza&ccedil;&atilde;o dos investimentos. No in&iacute;cio da d&eacute;cada, operadoras europ&eacute;ias  desembolsaram bilh&otilde;es de euros para adquirir freq&uuml;&ecirc;ncias para a 3G. A  expectativade que haveria uma demanda explosiva levou &agrave;s alturas os valores das  autoriza&ccedil;&otilde;es, mas o interesse dos assinantes n&atilde;o foi t&atilde;o grande assim. As  companhias enfrentaram dificuldades financeiras e viram-se sem caixa para fazer  gastos maci&ccedil;os em infra-estrutura. Somente nos &uacute;ltimos tr&ecirc;s anos a implementa&ccedil;&atilde;o  das redes intensificou-se no continente. <\/p>\n<p>Al&eacute;m da &#39;san&ccedil;&atilde;o premial&#39;, a Anatel estuda adotar uma rede &uacute;nica para todas as  operadoras explorarem a 3G em cidades pequenas. &#39;&Eacute; uma id&eacute;ia ainda embrion&aacute;ria&#39;,  disse Leite, em um semin&aacute;rio, na semana passada. Para o conselheiro, &eacute; pouco  fact&iacute;vel a proposta de uma &uacute;nica rede compartilhada nacionalmente pelas teles,  como tem defendido o presidente da Vivo, Roberto Lima. <\/p>\n","protected":false},"excerpt":{"rendered":"<p>O leil&atilde;o de licen&ccedil;as para a terceira gera&ccedil;&atilde;o da telefonia m&oacute;vel (3G) est&aacute; na agenda da Anatel neste ano e, pela primeira vez em disputas desse g&ecirc;nero no pa&iacute;s, dever&aacute; conceder incentivos &agrave;s empresas que se comprometerem a oferecer uma cobertura mais abrangente. Em vez de reverter para a Uni&atilde;o os milh&otilde;es de reais que &hellip; <a href=\"https:\/\/obscom.intervozes.org.br\/?p=18021\" class=\"more-link\">Continue lendo <span class=\"screen-reader-text\">Anatel prev\u00ea leil\u00e3o de licen\u00e7as para a 3G ainda este ano<\/span> <span class=\"meta-nav\">&rarr;<\/span><\/a><\/p>\n","protected":false},"author":1,"featured_media":0,"comment_status":"open","ping_status":"open","sticky":false,"template":"","format":"standard","meta":{"footnotes":""},"categories":[40],"tags":[107],"_links":{"self":[{"href":"https:\/\/obscom.intervozes.org.br\/index.php?rest_route=\/wp\/v2\/posts\/18021"}],"collection":[{"href":"https:\/\/obscom.intervozes.org.br\/index.php?rest_route=\/wp\/v2\/posts"}],"about":[{"href":"https:\/\/obscom.intervozes.org.br\/index.php?rest_route=\/wp\/v2\/types\/post"}],"author":[{"embeddable":true,"href":"https:\/\/obscom.intervozes.org.br\/index.php?rest_route=\/wp\/v2\/users\/1"}],"replies":[{"embeddable":true,"href":"https:\/\/obscom.intervozes.org.br\/index.php?rest_route=%2Fwp%2Fv2%2Fcomments&post=18021"}],"version-history":[{"count":0,"href":"https:\/\/obscom.intervozes.org.br\/index.php?rest_route=\/wp\/v2\/posts\/18021\/revisions"}],"wp:attachment":[{"href":"https:\/\/obscom.intervozes.org.br\/index.php?rest_route=%2Fwp%2Fv2%2Fmedia&parent=18021"}],"wp:term":[{"taxonomy":"category","embeddable":true,"href":"https:\/\/obscom.intervozes.org.br\/index.php?rest_route=%2Fwp%2Fv2%2Fcategories&post=18021"},{"taxonomy":"post_tag","embeddable":true,"href":"https:\/\/obscom.intervozes.org.br\/index.php?rest_route=%2Fwp%2Fv2%2Ftags&post=18021"}],"curies":[{"name":"wp","href":"https:\/\/api.w.org\/{rel}","templated":true}]}}