{"id":18018,"date":"2007-02-12T12:10:23","date_gmt":"2007-02-12T12:10:23","guid":{"rendered":"https:\/\/obscom.intervozes.org.br\/wordpress\/?p=18018"},"modified":"2007-02-12T12:10:23","modified_gmt":"2007-02-12T12:10:23","slug":"sardenberg-e-indicado-para-o-conselho-diretor-da-anatel","status":"publish","type":"post","link":"https:\/\/obscom.intervozes.org.br\/?p=18018","title":{"rendered":"Sardenberg \u00e9 indicado para o Conselho Diretor da Anatel"},"content":{"rendered":"<p>O Di&aacute;rio Oficial da Uni&atilde;o desta sexta-feira, 9, publicou a indica&ccedil;&atilde;o para  aprecia&ccedil;&atilde;o do Senado Federal do nome do embaixador Ronaldo Sardenberg para fazer  parte do Conselho Diretor da Anatel. A mensagem da Presid&ecirc;ncia da Rep&uacute;blica tem  a data de ontem. <\/p>\n<p>O embaixador foi uma indica&ccedil;&atilde;o pessoal do presidente Lula. De  acordo com informa&ccedil;&otilde;es de fontes pr&oacute;ximas ao ministro das Comunica&ccedil;&otilde;es, falta a  indica&ccedil;&atilde;o de Domingos Bedran, atual procurador da Anatel, para completar o  conselho da ag&ecirc;ncia. Os indicados devem ter seus nomes aprovados pela comiss&atilde;o  de infra-estrutura do Senado e tamb&eacute;m pelo plen&aacute;rio da Casa. <\/p>\n","protected":false},"excerpt":{"rendered":"<p>O Di\u00e1rio Oficial da Uni\u00e3o desta sexta-feira, 9, publicou a indica\u00e7\u00e3o para aprecia\u00e7\u00e3o do Senado Federal do nome do embaixador Ronaldo Sardenberg para fazer parte do Conselho Diretor da Anatel. A mensagem da Presid\u00eancia da Rep\u00fablica tem a data de ontem.<\/p>\n","protected":false},"author":1,"featured_media":0,"comment_status":"open","ping_status":"open","sticky":false,"template":"","format":"standard","meta":{"footnotes":""},"categories":[40],"tags":[59],"_links":{"self":[{"href":"https:\/\/obscom.intervozes.org.br\/index.php?rest_route=\/wp\/v2\/posts\/18018"}],"collection":[{"href":"https:\/\/obscom.intervozes.org.br\/index.php?rest_route=\/wp\/v2\/posts"}],"about":[{"href":"https:\/\/obscom.intervozes.org.br\/index.php?rest_route=\/wp\/v2\/types\/post"}],"author":[{"embeddable":true,"href":"https:\/\/obscom.intervozes.org.br\/index.php?rest_route=\/wp\/v2\/users\/1"}],"replies":[{"embeddable":true,"href":"https:\/\/obscom.intervozes.org.br\/index.php?rest_route=%2Fwp%2Fv2%2Fcomments&post=18018"}],"version-history":[{"count":0,"href":"https:\/\/obscom.intervozes.org.br\/index.php?rest_route=\/wp\/v2\/posts\/18018\/revisions"}],"wp:attachment":[{"href":"https:\/\/obscom.intervozes.org.br\/index.php?rest_route=%2Fwp%2Fv2%2Fmedia&parent=18018"}],"wp:term":[{"taxonomy":"category","embeddable":true,"href":"https:\/\/obscom.intervozes.org.br\/index.php?rest_route=%2Fwp%2Fv2%2Fcategories&post=18018"},{"taxonomy":"post_tag","embeddable":true,"href":"https:\/\/obscom.intervozes.org.br\/index.php?rest_route=%2Fwp%2Fv2%2Ftags&post=18018"}],"curies":[{"name":"wp","href":"https:\/\/api.w.org\/{rel}","templated":true}]}}