{"id":18017,"date":"2007-02-12T12:05:57","date_gmt":"2007-02-12T12:05:57","guid":{"rendered":"https:\/\/obscom.intervozes.org.br\/wordpress\/?p=18017"},"modified":"2007-02-12T12:05:57","modified_gmt":"2007-02-12T12:05:57","slug":"tecnologia-e-aposta-para-democratizar-a-televisao","status":"publish","type":"post","link":"https:\/\/obscom.intervozes.org.br\/?p=18017","title":{"rendered":"Tecnologia \u00e9 aposta para \u2018democratizar\u2019 a televis\u00e3o"},"content":{"rendered":"\n<p>&nbsp;<\/p>\n<p>No segundo governo Lula, o PT quer acelerar seus planos para uma ampla  reforma da comunica&ccedil;&atilde;o de massa, exposta na resolu&ccedil;&atilde;o aprovada pelo Diret&oacute;rio  Nacional s&aacute;bado. A id&eacute;ia &eacute; aproveitar a revolu&ccedil;&atilde;o tecnol&oacute;gica, especialmente a  TV digital, para introduzir concorr&ecirc;ncia no que considera monop&oacute;lio privado,  conservador e prejudicial ao Pa&iacute;s. O debate ganhou for&ccedil;a ap&oacute;s a crise do  mensal&atilde;o, na qual o partido se considerou alvo de uma campanha injusta da m&iacute;dia  para desmoraliz&aacute;-lo e derrotar Lula na elei&ccedil;&atilde;o. <\/p>\n<p>&ldquo;A TV digital seria uma forma de quebrar o poder do monop&oacute;lio, sem medidas  administrativas&rdquo;, disse um articulador petista. Segundo ele, o tema une o PT  desde o Campo Majorit&aacute;rio, moderado, at&eacute; a &ldquo;extrema canhota&rdquo;. Para o deputado  Jilmar Tatto (SP), terceiro vice-presidente do partido e do moderado PT de Lutas  e de Massas, &ldquo;a TV digital permite um debate com outra configura&ccedil;&atilde;o.&rdquo; <\/p>\n<p>Nas prioridades, destaca-se a id&eacute;ia de criar uma rede p&uacute;blica de TV no modelo  da BBC brit&acirc;nica, caracterizada pela gest&atilde;o p&uacute;blica, mas com independ&ecirc;ncia  editorial em rela&ccedil;&atilde;o a governos. A comiss&atilde;o pol&iacute;tica do PT j&aacute; discutiu o assunto  com Lula. A proposta integra o pacote de um &ldquo;plano nacional de comunica&ccedil;&atilde;o&rdquo;,  ainda em prepara&ccedil;&atilde;o. <\/p>\n<p>A resolu&ccedil;&atilde;o petista esbo&ccedil;a um programa para o setor. &ldquo;A democratiza&ccedil;&atilde;o do  Pa&iacute;s sup&otilde;e a democratiza&ccedil;&atilde;o da comunica&ccedil;&atilde;o. Estruturas p&uacute;blicas democr&aacute;ticas de  comunica&ccedil;&atilde;o s&atilde;o fundamentais para superar o monop&oacute;lio privado.&rdquo; O texto pede uma  &ldquo;confer&ecirc;ncia nacional de comunica&ccedil;&atilde;o&rdquo;, com todos os setores envolvidos, e inclui  &ldquo;a constru&ccedil;&atilde;o de um sistema p&uacute;blico de r&aacute;dio e TV&rdquo; entre as propostas de curto e  m&eacute;dio prazo. <\/p>\n<p>&ldquo;Uma TV p&uacute;blica precisa ter espa&ccedil;o para movimentos sociais e manifesta&ccedil;&otilde;es  culturais. Ningu&eacute;m quer fazer proselitismo&rdquo;, disseo deputado estadual ga&uacute;cho  Raul Pont, da tend&ecirc;ncia de esquerda Democracia Socialista. &ldquo;N&atilde;o queremos que  essa TV d&ecirc; not&iacute;cia a favor do governo nem fa&ccedil;a propaganda do PT, mas achamos que  atualmente a cobertura &eacute; muito parcial e unilateral. O Pa&iacute;s precisa ter canais  de comunica&ccedil;&atilde;o de massaque sejam p&uacute;blicos.&rdquo; <\/p>\n<p>Tatto foi ir&ocirc;nico. &ldquo;Em vez de p&ocirc;r &lsquo;Paquitas&rsquo; na programa&ccedil;&atilde;o, vamos discutir a  cultura brasileira. Isso n&atilde;o &eacute; debate ideol&oacute;gico.&rdquo; <\/p>\n","protected":false},"excerpt":{"rendered":"<p>No segundo mandato de Lula, PT quer acelerar reforma da comunica\u00e7\u00e3o de massa exposta na resolu\u00e7\u00e3o aprovada pelo Diret\u00f3rio Nacional s\u00e1bado. A id\u00e9ia \u00e9 aproveitar a TV digital, para introduzir concorr\u00eancia ao monop\u00f3lio privado, conservador e prejudicial ao Pa\u00eds.<\/p>\n","protected":false},"author":1,"featured_media":0,"comment_status":"open","ping_status":"open","sticky":false,"template":"","format":"standard","meta":{"footnotes":""},"categories":[40],"tags":[79],"_links":{"self":[{"href":"https:\/\/obscom.intervozes.org.br\/index.php?rest_route=\/wp\/v2\/posts\/18017"}],"collection":[{"href":"https:\/\/obscom.intervozes.org.br\/index.php?rest_route=\/wp\/v2\/posts"}],"about":[{"href":"https:\/\/obscom.intervozes.org.br\/index.php?rest_route=\/wp\/v2\/types\/post"}],"author":[{"embeddable":true,"href":"https:\/\/obscom.intervozes.org.br\/index.php?rest_route=\/wp\/v2\/users\/1"}],"replies":[{"embeddable":true,"href":"https:\/\/obscom.intervozes.org.br\/index.php?rest_route=%2Fwp%2Fv2%2Fcomments&post=18017"}],"version-history":[{"count":0,"href":"https:\/\/obscom.intervozes.org.br\/index.php?rest_route=\/wp\/v2\/posts\/18017\/revisions"}],"wp:attachment":[{"href":"https:\/\/obscom.intervozes.org.br\/index.php?rest_route=%2Fwp%2Fv2%2Fmedia&parent=18017"}],"wp:term":[{"taxonomy":"category","embeddable":true,"href":"https:\/\/obscom.intervozes.org.br\/index.php?rest_route=%2Fwp%2Fv2%2Fcategories&post=18017"},{"taxonomy":"post_tag","embeddable":true,"href":"https:\/\/obscom.intervozes.org.br\/index.php?rest_route=%2Fwp%2Fv2%2Ftags&post=18017"}],"curies":[{"name":"wp","href":"https:\/\/api.w.org\/{rel}","templated":true}]}}