{"id":18015,"date":"2007-02-12T11:56:16","date_gmt":"2007-02-12T11:56:16","guid":{"rendered":"https:\/\/obscom.intervozes.org.br\/wordpress\/?p=18015"},"modified":"2007-02-12T11:56:16","modified_gmt":"2007-02-12T11:56:16","slug":"minicom-e-anatel-apoiam-ideia-de-entregar-a-casa-civil-coordenacao-das-agencias","status":"publish","type":"post","link":"https:\/\/obscom.intervozes.org.br\/?p=18015","title":{"rendered":"Minicom e Anatel ap\u00f3iam id\u00e9ia de entregar \u00e0 Casa Civil coordena\u00e7\u00e3o das ag\u00eancias"},"content":{"rendered":"\n<p>&nbsp;<\/p>\n<p>O Minist&eacute;rio das Comunica&ccedil;&otilde;es e a Anatel v&ecirc;em com bons olhos a inten&ccedil;&atilde;o do  Pal&aacute;cio do Planalto, manifestada pelo presidente Luiz In&aacute;cio Lula da Silva na  mensagem enviada ao Congresso Nacional na abertura do ano legislativo, de criar  um programa de gest&atilde;o para melhorar a rela&ccedil;&atilde;o entre ag&ecirc;ncias reguladoras e os  minist&eacute;rios e que seria coordenado pela ministra-chefe da Casa Civil, Dilma  Rousseff. <\/p>\n<p>Na avalia&ccedil;&atilde;o deles, a cria&ccedil;&atilde;o do programa n&atilde;o seria uma inger&ecirc;ncia nem nas  tarefas que competem aos minist&eacute;rios, nem na independ&ecirc;ncia das ag&ecirc;ncias. &ldquo; Acho  fundamental voc&ecirc; ter uma rela&ccedil;&atilde;o entre os governos e as ag&ecirc;ncias que seja  respeitosa e inteligente, mas que possa prestigiar os &oacute;rg&atilde;os reguladores. E a  ministra Dilma &eacute; chefe de todos os minist&eacute;rios&rdquo;, comentou o ministro das  Comunica&ccedil;&otilde;es, H&eacute;lio Costa.<\/p>\n<p>Ele lembrou que essa discuss&atilde;o para se encontrar um caminho que melhore a  intera&ccedil;&atilde;o com as ag&ecirc;ncias n&atilde;o &eacute; nova. &ldquo;Desde que estou no minist&eacute;rio essa  discuss&atilde;o existe&rdquo;, afirmou. <\/p>\n<p>O ministro, entretanto, criticou a lentid&atilde;o da Anatel. Costa disse que ontem  recebeu uma reclama&ccedil;&atilde;o de uma empresa, que n&atilde;o ele identificou mas que ir&aacute;  investir milh&otilde;es de reais em um sistema de comunica&ccedil;&atilde;o no pa&iacute;s, sobre a demora  da ag&ecirc;ncia em responder a questionamentos do mercado. &ldquo;Essa empresa fez uma  consulta ao Minist&eacute;rio da Justi&ccedil;a sobre um determinado tema e a resposta foi  online. A mesma pergunta foi feita &agrave; Anatel e demora foi de quatro semanas&rdquo;,  criticou.<\/p>\n<p>J&aacute; para o conselheiro da Anatel, Jos&eacute; Leite Pereira Filho, o governo tem todo  o direito de se organizar como considera melhor. &ldquo;A eventual cria&ccedil;&atilde;o desse  programa n&atilde;o fere a independ&ecirc;ncia das ag&ecirc;ncias&rdquo;, comentou. Tanto o  ministro,quanto o conselheiro da ag&ecirc;ncia, participaram de manh&atilde; do semin&aacute;rio  &ldquo;Pol&iacute;ticas de (Tele)comunica&ccedil;&otilde;es&rdquo;, realizado em Bras&iacute;lia pela Converge  Eventos\/Revista Teletime em parceria com a Universidade de Bras&iacute;lia. <\/p>\n","protected":false},"excerpt":{"rendered":"<p>&nbsp; O Minist&eacute;rio das Comunica&ccedil;&otilde;es e a Anatel v&ecirc;em com bons olhos a inten&ccedil;&atilde;o do Pal&aacute;cio do Planalto, manifestada pelo presidente Luiz In&aacute;cio Lula da Silva na mensagem enviada ao Congresso Nacional na abertura do ano legislativo, de criar um programa de gest&atilde;o para melhorar a rela&ccedil;&atilde;o entre ag&ecirc;ncias reguladoras e os minist&eacute;rios e que &hellip; <a href=\"https:\/\/obscom.intervozes.org.br\/?p=18015\" class=\"more-link\">Continue lendo <span class=\"screen-reader-text\">Minicom e Anatel ap\u00f3iam id\u00e9ia de entregar \u00e0 Casa Civil coordena\u00e7\u00e3o das ag\u00eancias<\/span> <span class=\"meta-nav\">&rarr;<\/span><\/a><\/p>\n","protected":false},"author":1,"featured_media":0,"comment_status":"open","ping_status":"open","sticky":false,"template":"","format":"standard","meta":{"footnotes":""},"categories":[40],"tags":[61],"_links":{"self":[{"href":"https:\/\/obscom.intervozes.org.br\/index.php?rest_route=\/wp\/v2\/posts\/18015"}],"collection":[{"href":"https:\/\/obscom.intervozes.org.br\/index.php?rest_route=\/wp\/v2\/posts"}],"about":[{"href":"https:\/\/obscom.intervozes.org.br\/index.php?rest_route=\/wp\/v2\/types\/post"}],"author":[{"embeddable":true,"href":"https:\/\/obscom.intervozes.org.br\/index.php?rest_route=\/wp\/v2\/users\/1"}],"replies":[{"embeddable":true,"href":"https:\/\/obscom.intervozes.org.br\/index.php?rest_route=%2Fwp%2Fv2%2Fcomments&post=18015"}],"version-history":[{"count":0,"href":"https:\/\/obscom.intervozes.org.br\/index.php?rest_route=\/wp\/v2\/posts\/18015\/revisions"}],"wp:attachment":[{"href":"https:\/\/obscom.intervozes.org.br\/index.php?rest_route=%2Fwp%2Fv2%2Fmedia&parent=18015"}],"wp:term":[{"taxonomy":"category","embeddable":true,"href":"https:\/\/obscom.intervozes.org.br\/index.php?rest_route=%2Fwp%2Fv2%2Fcategories&post=18015"},{"taxonomy":"post_tag","embeddable":true,"href":"https:\/\/obscom.intervozes.org.br\/index.php?rest_route=%2Fwp%2Fv2%2Ftags&post=18015"}],"curies":[{"name":"wp","href":"https:\/\/api.w.org\/{rel}","templated":true}]}}