{"id":18014,"date":"2007-02-12T11:51:44","date_gmt":"2007-02-12T11:51:44","guid":{"rendered":"https:\/\/obscom.intervozes.org.br\/wordpress\/?p=18014"},"modified":"2007-02-12T11:51:44","modified_gmt":"2007-02-12T11:51:44","slug":"comissao-de-comunicacoes-da-camara-fica-com-o-psdb","status":"publish","type":"post","link":"https:\/\/obscom.intervozes.org.br\/?p=18014","title":{"rendered":"Comiss\u00e3o de Comunica\u00e7\u00f5es da C\u00e2mara fica com o PSDB"},"content":{"rendered":"<p>Os l&iacute;deres das bancadas decidiram nesta quinta, 8, na C&acirc;mara, quais os  partidos que ficar&atilde;o com cada uma das comiss&otilde;es da casa. A Comiss&atilde;o de Ci&ecirc;ncia,  Tecnologia, Comunica&ccedil;&atilde;o e Inform&aacute;tica ficou para o PSDB. Com isso, o deputado  J&uacute;lio Semeghini deve ser o parlamentar indicado pelo partido para presidir a  comiss&atilde;o. Semeghini &eacute; considerado um dos parlamentares mais atuantes desta  comiss&atilde;o. Conhece o setor de ci&ecirc;ncia e tecnologia e comunica&ccedil;&otilde;es, bem como o  ambiente de regula&ccedil;&atilde;o por meio de ag&ecirc;ncias reguladoras. Nos &uacute;ltimos anos, foi  sempre um interlocutor importante junto &agrave; Anatel e &agrave;s demais ag&ecirc;ncias  reguladoras, com bom tr&acirc;nsito entre as empresas de telecomunica&ccedil;&otilde;es. <\/p>\n","protected":false},"excerpt":{"rendered":"<p>Os l&iacute;deres das bancadas decidiram nesta quinta, 8, na C&acirc;mara, quais os partidos que ficar&atilde;o com cada uma das comiss&otilde;es da casa. A Comiss&atilde;o de Ci&ecirc;ncia, Tecnologia, Comunica&ccedil;&atilde;o e Inform&aacute;tica ficou para o PSDB. Com isso, o deputado J&uacute;lio Semeghini deve ser o parlamentar indicado pelo partido para presidir a comiss&atilde;o. Semeghini &eacute; considerado um &hellip; <a href=\"https:\/\/obscom.intervozes.org.br\/?p=18014\" class=\"more-link\">Continue lendo <span class=\"screen-reader-text\">Comiss\u00e3o de Comunica\u00e7\u00f5es da C\u00e2mara fica com o PSDB<\/span> <span class=\"meta-nav\">&rarr;<\/span><\/a><\/p>\n","protected":false},"author":1,"featured_media":0,"comment_status":"open","ping_status":"open","sticky":false,"template":"","format":"standard","meta":{"footnotes":""},"categories":[40],"tags":[59],"_links":{"self":[{"href":"https:\/\/obscom.intervozes.org.br\/index.php?rest_route=\/wp\/v2\/posts\/18014"}],"collection":[{"href":"https:\/\/obscom.intervozes.org.br\/index.php?rest_route=\/wp\/v2\/posts"}],"about":[{"href":"https:\/\/obscom.intervozes.org.br\/index.php?rest_route=\/wp\/v2\/types\/post"}],"author":[{"embeddable":true,"href":"https:\/\/obscom.intervozes.org.br\/index.php?rest_route=\/wp\/v2\/users\/1"}],"replies":[{"embeddable":true,"href":"https:\/\/obscom.intervozes.org.br\/index.php?rest_route=%2Fwp%2Fv2%2Fcomments&post=18014"}],"version-history":[{"count":0,"href":"https:\/\/obscom.intervozes.org.br\/index.php?rest_route=\/wp\/v2\/posts\/18014\/revisions"}],"wp:attachment":[{"href":"https:\/\/obscom.intervozes.org.br\/index.php?rest_route=%2Fwp%2Fv2%2Fmedia&parent=18014"}],"wp:term":[{"taxonomy":"category","embeddable":true,"href":"https:\/\/obscom.intervozes.org.br\/index.php?rest_route=%2Fwp%2Fv2%2Fcategories&post=18014"},{"taxonomy":"post_tag","embeddable":true,"href":"https:\/\/obscom.intervozes.org.br\/index.php?rest_route=%2Fwp%2Fv2%2Ftags&post=18014"}],"curies":[{"name":"wp","href":"https:\/\/api.w.org\/{rel}","templated":true}]}}