{"id":18011,"date":"2007-02-09T12:38:58","date_gmt":"2007-02-09T12:38:58","guid":{"rendered":"https:\/\/obscom.intervozes.org.br\/wordpress\/?p=18011"},"modified":"2007-02-09T12:38:58","modified_gmt":"2007-02-09T12:38:58","slug":"entidades-recebem-apoio-tecnico-para-habilitacao-de-radios-comunitarias-em-sao-paulo","status":"publish","type":"post","link":"https:\/\/obscom.intervozes.org.br\/?p=18011","title":{"rendered":"Entidades recebem apoio t\u00e9cnico para habilita\u00e7\u00e3o de r\u00e1dios comunit\u00e1rias em S\u00e3o Paulo"},"content":{"rendered":"<p>S&atilde;o Paulo &#8211; Entidades interessadas em receber concess&atilde;o para operar uma r&aacute;dio comunit&aacute;ria no munic&iacute;pio de S&atilde;o Paulo t&ecirc;m dispon&iacute;vel, desde o dia 31 de janeiro, assessoria t&eacute;cnica de um grupo de engenharia montado pelo escrit&oacute;rio paulista da Associa&ccedil;&atilde;o Mundial de R&aacute;dios Comunit&aacute;rias (Amarc). At&eacute; o dia 5 de mar&ccedil;o, os interessados podem apresentar a documenta&ccedil;&atilde;o necess&aacute;ria ao Minist&eacute;rio das Comunica&ccedil;&otilde;es, respons&aacute;vel pelo aviso de habilita&ccedil;&atilde;o na cidade.<\/p>\n<p>O grupo, formado por pesquisadores do Centro de Pesquisa e Desenvolvimento em Telecomunica&ccedil;&otilde;es (CPqD), do Departamento de Telecomunica&ccedil;&otilde;es e Controle da Escola Polit&eacute;cnica da Universidade de S&atilde;o Paulo (USP), do Centro de Elabora&ccedil;&atilde;o de Projetos de Engenharia para Radiodifus&atilde;o Comunit&aacute;ria, e outros consultores, conta com o apoio da Subprefeitura do Itaim Paulista, Zona Leste da capital, que disponibilizou aparelhos de GPS para que as entidades interessadas possam fazer o georeferenciamento da localidade onde ir&atilde;o instalar a antena de transmiss&atilde;o.&nbsp; <\/p>\n<p>Entre os v&aacute;rios documentos exigidos pelo Minist&eacute;rio das Comunica&ccedil;&otilde;es para que uma entidade requisite a abertura do processo de concess&atilde;o, h&aacute; a necessidade do envio de uma declara&ccedil;&atilde;o, assinada por profissional habilitado ou pelo representante legal da entidade, confirmando as coordenadas geogr&aacute;ficas do local de instala&ccedil;&atilde;o da antena, em uma padroniza&ccedil;&atilde;o espec&iacute;fica. <\/p>\n<p>&quot;Existe interesse nosso particular para integrar essas r&aacute;dios comunit&aacute;rias &agrave;s pol&iacute;ticas p&uacute;blicas que n&oacute;s estamos desenvolvendo no local. Esse &eacute; o conceito, a voca&ccedil;&atilde;o das r&aacute;dios comunit&aacute;rias. Tratar as quest&otilde;es da comunidade no territ&oacute;rio. Enquanto subprefeito, nos interessa muito ter as r&aacute;dios comunit&aacute;rias como parceiras para o desenvolvimento dessas pol&iacute;ticas p&uacute;blicas&quot;, diz o subprefeito do Itaim Paulista, Di&oacute;genes Sandim Martin.<\/p>\n<p>O georeferenciamento &eacute; necess&aacute;rio para que, ap&oacute;s o encerramento do prazo para o envio da documenta&ccedil;&atilde;o das entidades, o minist&eacute;rio possa publicar um mapa com a localiza&ccedil;&atilde;o geogr&aacute;fica de todas as associa&ccedil;&otilde;es que pleiteiam a concess&atilde;o e,&nbsp; a partir disso, iniciar um processo de di&aacute;logo com a sociedade paulistana e com as entidades para que o maior n&uacute;mero de pretendentes sejam contemplados.<\/p>\n<p>&quot;Temos, na &aacute;rea pol&iacute;tica, o apoio de todos os partidos; na &aacute;rea jur&iacute;dica, o apoio da Defensoria P&uacute;blica do Estado de S&atilde;o Paulo, da Faculdade de Direito da PUC [Pontif&iacute;cia Universidade Cat&oacute;lica de S&atilde;o Paulo], da Associa&ccedil;&atilde;o dos Cart&oacute;rios; e agora, na &aacute;rea t&eacute;cnica, a participa&ccedil;&atilde;o desses engenheiros de alto n&iacute;vel&quot;, afirma Sergio Gomes, diretor da Obor&eacute; &#8211; Escrit&oacute;rio Paulista da Amarc, onde foi acertado em reuni&atilde;o realizada ontem (31), o apoio t&eacute;cnico dos pesquisadores e da subprefeitura. <\/p>\n<p>As entidades interessadas em receber apoio para o processo de habilita&ccedil;&atilde;o de uma r&aacute;dio comunit&aacute;ria pode entrar em contato com a Amarc-SP pelo telefone <span><span><span>(11) 3214 3766<\/span><\/span><\/span>, ramal 214.<\/p>\n<p><img loading=\"lazy\" decoding=\"async\" style=\"width: 49px; height: 51px\" src=\"images\/stories\/copyleft.jpg\" alt=\"Sample Image\" width=\"49\" height=\"51\" \/><\/p>\n","protected":false},"excerpt":{"rendered":"<p>S\u00e3o Paulo &#8211; Entidades interessadas em receber concess\u00e3o para operar uma r\u00e1dio comunit\u00e1ria no munic\u00edpio de S\u00e3o Paulo t\u00eam dispon\u00edvel, desde o dia 31 de janeiro.<\/p>\n","protected":false},"author":1,"featured_media":0,"comment_status":"open","ping_status":"open","sticky":false,"template":"","format":"standard","meta":{"footnotes":""},"categories":[40],"tags":[60],"_links":{"self":[{"href":"https:\/\/obscom.intervozes.org.br\/index.php?rest_route=\/wp\/v2\/posts\/18011"}],"collection":[{"href":"https:\/\/obscom.intervozes.org.br\/index.php?rest_route=\/wp\/v2\/posts"}],"about":[{"href":"https:\/\/obscom.intervozes.org.br\/index.php?rest_route=\/wp\/v2\/types\/post"}],"author":[{"embeddable":true,"href":"https:\/\/obscom.intervozes.org.br\/index.php?rest_route=\/wp\/v2\/users\/1"}],"replies":[{"embeddable":true,"href":"https:\/\/obscom.intervozes.org.br\/index.php?rest_route=%2Fwp%2Fv2%2Fcomments&post=18011"}],"version-history":[{"count":0,"href":"https:\/\/obscom.intervozes.org.br\/index.php?rest_route=\/wp\/v2\/posts\/18011\/revisions"}],"wp:attachment":[{"href":"https:\/\/obscom.intervozes.org.br\/index.php?rest_route=%2Fwp%2Fv2%2Fmedia&parent=18011"}],"wp:term":[{"taxonomy":"category","embeddable":true,"href":"https:\/\/obscom.intervozes.org.br\/index.php?rest_route=%2Fwp%2Fv2%2Fcategories&post=18011"},{"taxonomy":"post_tag","embeddable":true,"href":"https:\/\/obscom.intervozes.org.br\/index.php?rest_route=%2Fwp%2Fv2%2Ftags&post=18011"}],"curies":[{"name":"wp","href":"https:\/\/api.w.org\/{rel}","templated":true}]}}