{"id":18007,"date":"2007-02-09T11:02:00","date_gmt":"2007-02-09T11:02:00","guid":{"rendered":"https:\/\/obscom.intervozes.org.br\/wordpress\/?p=18007"},"modified":"2007-02-09T11:02:00","modified_gmt":"2007-02-09T11:02:00","slug":"juiz-nega-pedido-de-apreensao-de-biografia-de-roberto-carlos","status":"publish","type":"post","link":"https:\/\/obscom.intervozes.org.br\/?p=18007","title":{"rendered":"Juiz nega pedido de apreens\u00e3o de biografia de Roberto Carlos"},"content":{"rendered":"\n<p>A biografia de Roberto Carlos n&atilde;o ser&aacute; retirada das livrarias. A decis&atilde;o  judicial foi divulgada em comunicado distribu&iacute;do &agrave; imprensa pela editora Planeta  do Brasil, respons&aacute;vel pela publica&ccedil;&atilde;o da obra, lan&ccedil;ada no final do ano passado.  As informa&ccedil;&otilde;es s&atilde;o do Portal do Estad&atilde;o &#39;Contrariando o parecer do Minist&eacute;rio  P&uacute;blico, o juiz Dr. T&eacute;rcio Pires indeferiu o pedido de busca e apreens&atilde;o do  ensaio biogr&aacute;fico&#39;, diz o texto da editora. <\/p>\n<p>Roberto Carlos em Detalhes (Planeta, 504 p&aacute;ginas, R$ 59,90), escrito pelo  historiador Paulo Cesar de Ara&uacute;jo, foi publicado sem autoriza&ccedil;&atilde;o do cantor.  Roberto Carlos disse que leu apenas trechos do livro, o que foi suficiente para  que ele condenasse toda a obra. <\/p>\n<p>Ele declarou que se sentiu ofendido e concluiu que houve invas&atilde;o de  privacidade com a divulga&ccedil;&atilde;o de hist&oacute;rias sobre a sua vida. Roberto Carlos em  Detalhes conta a trajet&oacute;ria do cantor, sem omitir fatos dolorosos como a  amputa&ccedil;&atilde;o de parte de uma perna, sua rela&ccedil;&atilde;o com a atriz Myriam Rios e a morte  de Maria Rita, sua &uacute;ltima mulher. <\/p>\n<p>Em entrevista coletiva, Roberto Carlos disse assim: &#39;O livro tem coisas  n&atilde;o-verdadeiras, que ofendem a mim e a pessoas queridas, expostas ao rid&iacute;culo. &Eacute;  um absurdo, uma falta de respeito lan&ccedil;ar m&atilde;o da minha hist&oacute;ria, que &eacute; um  patrim&ocirc;nio meu. Me sinto agredido na minha privacidade. Isso me irrita, me  incomoda, me entristece&#39;. <\/p>\n<p>Depois de notificar a editora, o advogado do rei, Marco Ant&ocirc;nio Campos,  entrou com queixa-crime onde pedia o recolhimento dos livros do mercado. O juiz  T&eacute;rcio Pires, da 20&ordf; Vara C&iacute;vel do F&oacute;rum Criminal de S&atilde;o Paulo, negou  pedido.&nbsp; <\/p>\n","protected":false},"excerpt":{"rendered":"<p>A biografia de Roberto Carlos n\u00e3o ser\u00e1 retirada das livrarias. A decis\u00e3o judicial foi divulgada em comunicado distribu\u00eddo \u00e0 imprensa pela editora Planeta do Brasil, respons\u00e1vel pela publica\u00e7\u00e3o da obra, lan\u00e7ada no final do ano passado. As informa\u00e7\u00f5es s\u00e3o do Portal do Estad\u00e3o &#8216;Contrariando o parecer do Minist\u00e9rio P\u00fablico, o juiz Dr. T\u00e9rcio Pires indeferiu o pedido de busca e apreens\u00e3o do ensaio biogr\u00e1fico&#8217;, diz o texto da editora.<\/p>\n","protected":false},"author":1,"featured_media":0,"comment_status":"open","ping_status":"open","sticky":false,"template":"","format":"standard","meta":{"footnotes":""},"categories":[40],"tags":[66],"_links":{"self":[{"href":"https:\/\/obscom.intervozes.org.br\/index.php?rest_route=\/wp\/v2\/posts\/18007"}],"collection":[{"href":"https:\/\/obscom.intervozes.org.br\/index.php?rest_route=\/wp\/v2\/posts"}],"about":[{"href":"https:\/\/obscom.intervozes.org.br\/index.php?rest_route=\/wp\/v2\/types\/post"}],"author":[{"embeddable":true,"href":"https:\/\/obscom.intervozes.org.br\/index.php?rest_route=\/wp\/v2\/users\/1"}],"replies":[{"embeddable":true,"href":"https:\/\/obscom.intervozes.org.br\/index.php?rest_route=%2Fwp%2Fv2%2Fcomments&post=18007"}],"version-history":[{"count":0,"href":"https:\/\/obscom.intervozes.org.br\/index.php?rest_route=\/wp\/v2\/posts\/18007\/revisions"}],"wp:attachment":[{"href":"https:\/\/obscom.intervozes.org.br\/index.php?rest_route=%2Fwp%2Fv2%2Fmedia&parent=18007"}],"wp:term":[{"taxonomy":"category","embeddable":true,"href":"https:\/\/obscom.intervozes.org.br\/index.php?rest_route=%2Fwp%2Fv2%2Fcategories&post=18007"},{"taxonomy":"post_tag","embeddable":true,"href":"https:\/\/obscom.intervozes.org.br\/index.php?rest_route=%2Fwp%2Fv2%2Ftags&post=18007"}],"curies":[{"name":"wp","href":"https:\/\/api.w.org\/{rel}","templated":true}]}}