{"id":17998,"date":"2007-02-09T10:37:55","date_gmt":"2007-02-09T10:37:55","guid":{"rendered":"https:\/\/obscom.intervozes.org.br\/wordpress\/?p=17998"},"modified":"2007-02-09T10:37:55","modified_gmt":"2007-02-09T10:37:55","slug":"mtv-brasil-solta-nota-de-apoio-a-classificacao-indicativa","status":"publish","type":"post","link":"https:\/\/obscom.intervozes.org.br\/?p=17998","title":{"rendered":"MTV Brasil solta nota de apoio \u00e0 classifica\u00e7\u00e3o indicativa"},"content":{"rendered":"<p><span>A MTV Brasil soltou nesta quinta, 8, um comunicado onde se posiciona de forma favor&aacute;vel &agrave; classifica&ccedil;&atilde;o indicativa de programas de TV. A norma, a ser colocada nos pr&oacute;ximos dias pelo Minist&eacute;rio da Justi&ccedil;a, tem suscitado uma s&eacute;rie de debates nos &uacute;ltimos dias, com manifesta&ccedil;&otilde;es contr&aacute;rias por parte da classe art&iacute;stica e radiodifusores. A MTV diz acreditar que o controle &eacute; necess&aacute;rio para preservar os direitos das crian&ccedil;as e dos adolescentes. Na mesma data, o canal come&ccedil;ou a veicular na sua programa&ccedil;&atilde;o uma vinheta de anima&ccedil;&atilde;o na qual d&aacute; sua opini&atilde;o sobre o assunto.<\/span>        <\/p>\n<p class=\"MsoNormal\"><strong><span>Vinheta<\/span><\/strong><\/p>\n<p class=\"MsoNormal\"><span>Eis o texto da vinheta: &quot;A televis&atilde;o brasileira j&aacute; fez coisas geniais, mas tamb&eacute;m colocou diversas porcarias no ar&#8230; Isso porque alguns profissionais s&atilde;o capazes de qualquer coisa na luta pela audi&ecirc;ncia, e isso pode acontecer em qualquer empresa de comunica&ccedil;&atilde;o. &Eacute; por isso que al&eacute;m da responsabilidade dos pais, na educa&ccedil;&atilde;o dos filhos, e de especialistas, na classifica&ccedil;&atilde;o indicativa de hor&aacute;rios&#8230; s&atilde;o as empresas e ve&iacute;culos de comunica&ccedil;&atilde;o os maiores respons&aacute;veis pelo conte&uacute;do que exibem. O Brasil ser&aacute; melhor se todos assumirem suas responsabilidades.&quot;<\/span><\/p>\n","protected":false},"excerpt":{"rendered":"<p>A MTV Brasil soltou nesta quinta, 8, um comunicado onde se posiciona de forma favor&aacute;vel &agrave; classifica&ccedil;&atilde;o indicativa de programas de TV. A norma, a ser colocada nos pr&oacute;ximos dias pelo Minist&eacute;rio da Justi&ccedil;a, tem suscitado uma s&eacute;rie de debates nos &uacute;ltimos dias, com manifesta&ccedil;&otilde;es contr&aacute;rias por parte da classe art&iacute;stica e radiodifusores. A MTV &hellip; <a href=\"https:\/\/obscom.intervozes.org.br\/?p=17998\" class=\"more-link\">Continue lendo <span class=\"screen-reader-text\">MTV Brasil solta nota de apoio \u00e0 classifica\u00e7\u00e3o indicativa<\/span> <span class=\"meta-nav\">&rarr;<\/span><\/a><\/p>\n","protected":false},"author":1,"featured_media":0,"comment_status":"open","ping_status":"open","sticky":false,"template":"","format":"standard","meta":{"footnotes":""},"categories":[40],"tags":[97],"_links":{"self":[{"href":"https:\/\/obscom.intervozes.org.br\/index.php?rest_route=\/wp\/v2\/posts\/17998"}],"collection":[{"href":"https:\/\/obscom.intervozes.org.br\/index.php?rest_route=\/wp\/v2\/posts"}],"about":[{"href":"https:\/\/obscom.intervozes.org.br\/index.php?rest_route=\/wp\/v2\/types\/post"}],"author":[{"embeddable":true,"href":"https:\/\/obscom.intervozes.org.br\/index.php?rest_route=\/wp\/v2\/users\/1"}],"replies":[{"embeddable":true,"href":"https:\/\/obscom.intervozes.org.br\/index.php?rest_route=%2Fwp%2Fv2%2Fcomments&post=17998"}],"version-history":[{"count":0,"href":"https:\/\/obscom.intervozes.org.br\/index.php?rest_route=\/wp\/v2\/posts\/17998\/revisions"}],"wp:attachment":[{"href":"https:\/\/obscom.intervozes.org.br\/index.php?rest_route=%2Fwp%2Fv2%2Fmedia&parent=17998"}],"wp:term":[{"taxonomy":"category","embeddable":true,"href":"https:\/\/obscom.intervozes.org.br\/index.php?rest_route=%2Fwp%2Fv2%2Fcategories&post=17998"},{"taxonomy":"post_tag","embeddable":true,"href":"https:\/\/obscom.intervozes.org.br\/index.php?rest_route=%2Fwp%2Fv2%2Ftags&post=17998"}],"curies":[{"name":"wp","href":"https:\/\/api.w.org\/{rel}","templated":true}]}}