{"id":17992,"date":"2007-02-09T10:17:47","date_gmt":"2007-02-09T10:17:47","guid":{"rendered":"https:\/\/obscom.intervozes.org.br\/wordpress\/?p=17992"},"modified":"2007-02-09T10:17:47","modified_gmt":"2007-02-09T10:17:47","slug":"costa-quer-conselho-para-orientar-politicas","status":"publish","type":"post","link":"https:\/\/obscom.intervozes.org.br\/?p=17992","title":{"rendered":"Costa quer conselho para orientar pol\u00edticas"},"content":{"rendered":"\n<p>At&eacute; quarta-feira da pr&oacute;xima semana, dia 14, o Minist&eacute;rio das Comunica&ccedil;&otilde;es publica portaria criando um Conselho Consultivo para assessorar o minist&eacute;rio na discuss&atilde;o de grandes temas. Tamb&eacute;m ser&aacute; publicado um chamamento p&uacute;blico para que se manifestem as entidades interessadas em participar deste conselho do Minicom.  <\/p>\n<p>A primeira proposta sobre a qual o conselho dever&aacute; trabalhar &eacute; a elabora&ccedil;&atilde;o da legisla&ccedil;&atilde;o que dever&aacute; substituir o C&oacute;digo Brasileiro de Telecomunica&ccedil;&otilde;es, a Lei do Cabo e a Lei Geral de Telecomunica&ccedil;&otilde;es, leis que est&atilde;o defasadas. O ministro H&eacute;lio Costa lembrou que a LGT, a mais nova das tr&ecirc;s, por exemplo, foi elaborada com foco no Servi&ccedil;o de Telefonia Fixa Comutada (STFC). &quot;Naquela &eacute;poca a banda larga n&atilde;o tinha a import&acirc;ncia que tem hoje&quot;, afirmou. &quot;H&aacute; dez anos, a converg&ecirc;ncia era apenas uma perspectiva. Hoje &eacute; uma realidade que precisa ser considerada n&atilde;o como problema, mas como uma solu&ccedil;&atilde;o para muitos dos nossos problemas de comunica&ccedil;&atilde;o&quot;. Como exemplo concreto da necessidade de mudan&ccedil;a nas leis, o ministro voltou a falar do Fust. &quot;O fundo ficou t&atilde;o amarrado &agrave; telefonia fixa que ningu&eacute;m consegue desamarrar o n&oacute; que o impede de ser utilizado. A lei do Fust n&atilde;o permite que o utilizemos para prestar servi&ccedil;os de banda larga&quot;, afirma.<\/p>\n<p>Ainda de acordo com o ministro, o Pa&iacute;s comemora os 100 milh&otilde;es de celulares ativados, o que &eacute; um fato muito importante, embora a maioria das pequenas localidades n&atilde;o tenha telefone. Mesmo assim, os recursos do Fust, de acordo com a lei, n&atilde;o podem ser utilizados para universalizar a telefonia m&oacute;vel. As declara&ccedil;&otilde;es de H&eacute;lio Costa foram feitas na sess&atilde;o de abertura do Semin&aacute;rio de Pol&iacute;tica de Telecomunica&ccedil;&otilde;es, promovido em Bras&iacute;lia pela Converge Eventos e pela Universidade de Bras&iacute;lia e que acontece nesta quinta, 8.<\/p>\n<p><strong>Como na TV digital<\/strong><\/p>\n<p>Especificamente em rela&ccedil;&atilde;o &agrave; nova lei convergente, o ministro mostrou-se muito otimista com a possibilidade de, ainda em 2007, n&atilde;o apenas enviar ao Congresso o projeto, mas de aprov&aacute;-la antes do final do ano. &quot;Eu gostaria de fazer com este processo de elabora&ccedil;&atilde;o da lei um pouquinho do que foi feito em rela&ccedil;&atilde;o &agrave; televis&atilde;o digital&quot;, disse H&eacute;lio Costa. O processo ser&aacute; coordenado pelo Minist&eacute;rio das Comunica&ccedil;&otilde;es e dever&aacute; contar com a participa&ccedil;&atilde;o dos mesmos ministros que participaram da discuss&atilde;o da TV digital e mais representantes de todos os setores. N&atilde;o deve passar de 50 pessoas para n&atilde;o burocratizar a participa&ccedil;&atilde;o. A discuss&atilde;o considerar&aacute; todas as vers&otilde;es da antiga proposta de lei de comunica&ccedil;&otilde;es eletr&ocirc;nica de massas que foram produzidas durante o governo FHC, especialmente a que foi entregue pelo ministro Juarez Quadros &agrave; equipe de transi&ccedil;&atilde;o do governo Lula.<\/p>\n<p><strong><br \/>Ouviu todos?<\/strong><\/p>\n<p>Como n&atilde;o poderia deixar de ser, ao ouvir a promessa de participa&ccedil;&atilde;o de todos os segmentos interessados na discuss&atilde;o, os setores que sentiram-se preteridos na discuss&atilde;o de TV digital aproveitaram a presen&ccedil;a do ministro na palestra de abertura do semin&aacute;rio para reclamar do fato. Gustavo Gindre, do coletivo Intervozes, afirmou que havia enviado ao ministro um extenso documento, al&eacute;m de ter solicitado uma audi&ecirc;ncia que nunca aconteceu. Para evitar pol&ecirc;mica, Costa tratou de marcar uma audi&ecirc;ncia com Gindre, que ficou para a pr&oacute;xima semana. Da Reda&ccedil;&atilde;o &#8211; <\/p>\n","protected":false},"excerpt":{"rendered":"<p>Em evento realizado em Bras\u00edlia, o ministro das Comunica\u00e7\u00f5es afirmou inten\u00e7\u00e3o de publicar portaria criando um Conselho Consultivo para assessor\u00e1-lo na discuss\u00e3o de grandes temas. Segundo o ministro, as entidades interessadas em participar ser\u00e3o convidadas.<\/p>\n","protected":false},"author":1,"featured_media":0,"comment_status":"open","ping_status":"open","sticky":false,"template":"","format":"standard","meta":{"footnotes":""},"categories":[40],"tags":[95],"_links":{"self":[{"href":"https:\/\/obscom.intervozes.org.br\/index.php?rest_route=\/wp\/v2\/posts\/17992"}],"collection":[{"href":"https:\/\/obscom.intervozes.org.br\/index.php?rest_route=\/wp\/v2\/posts"}],"about":[{"href":"https:\/\/obscom.intervozes.org.br\/index.php?rest_route=\/wp\/v2\/types\/post"}],"author":[{"embeddable":true,"href":"https:\/\/obscom.intervozes.org.br\/index.php?rest_route=\/wp\/v2\/users\/1"}],"replies":[{"embeddable":true,"href":"https:\/\/obscom.intervozes.org.br\/index.php?rest_route=%2Fwp%2Fv2%2Fcomments&post=17992"}],"version-history":[{"count":0,"href":"https:\/\/obscom.intervozes.org.br\/index.php?rest_route=\/wp\/v2\/posts\/17992\/revisions"}],"wp:attachment":[{"href":"https:\/\/obscom.intervozes.org.br\/index.php?rest_route=%2Fwp%2Fv2%2Fmedia&parent=17992"}],"wp:term":[{"taxonomy":"category","embeddable":true,"href":"https:\/\/obscom.intervozes.org.br\/index.php?rest_route=%2Fwp%2Fv2%2Fcategories&post=17992"},{"taxonomy":"post_tag","embeddable":true,"href":"https:\/\/obscom.intervozes.org.br\/index.php?rest_route=%2Fwp%2Fv2%2Ftags&post=17992"}],"curies":[{"name":"wp","href":"https:\/\/api.w.org\/{rel}","templated":true}]}}