{"id":17991,"date":"2007-01-31T20:59:35","date_gmt":"2007-01-31T20:59:35","guid":{"rendered":"https:\/\/obscom.intervozes.org.br\/wordpress\/?p=17991"},"modified":"2007-01-31T20:59:35","modified_gmt":"2007-01-31T20:59:35","slug":"eptic-lanca-nova-edicao-de-sua-revista-on-line","status":"publish","type":"post","link":"https:\/\/obscom.intervozes.org.br\/?p=17991","title":{"rendered":"Eptic lan\u00e7a nova edi\u00e7\u00e3o de sua revista on-line"},"content":{"rendered":"\n<p>&nbsp;<\/p>\n<p>Acaba de ser lan&ccedil;ado o novo volume da Revista Eptic On Line, equivalente ao per&iacute;odo de janeiro a abril de 2007. Contando com a contribui&ccedil;&atilde;o de importantes pesquisadores de diversas regi&otilde;es do pa&iacute;s, esta edi&ccedil;&atilde;o vem recheada de investiga&ccedil;&otilde;es referentes &agrave; &aacute;rea da economia pol&iacute;tica das comunica&ccedil;&otilde;es e sua estreita rela&ccedil;&atilde;o com a educa&ccedil;&atilde;o. P&ocirc;de-se observar que o desenvolvimento das novas tecnologias serviu de sustenta&ccedil;&atilde;o aos argumentos de alguns textos e que o assunto da TV Digital tamb&eacute;m tem causado impacto na Uni&atilde;o Europ&eacute;ia. <\/p>\n<p>O artigo &lsquo;Imagens de terceira gera&ccedil;&atilde;o: simula&ccedil;&otilde;es vers&aacute;teis em realidade virtual&rsquo;, de Marielle Sandalovski Santos, problematiza a participa&ccedil;&atilde;o das imagens resultantes de manipula&ccedil;&atilde;o digital na formata&ccedil;&atilde;o do imagin&aacute;rio. Citando te&oacute;ricos como Ascott, Guimar&atilde;es, Machado e Prado, o contexto de sua discuss&atilde;o est&aacute; baseado nos processos de simula&ccedil;&atilde;o, realidade virtual, interatividade e hiperlinearidade. J&aacute; o texto de Rosa Zeta de Pozo, intitulado &lsquo;El Per&uacute; en el marco de la Sociedad Mundial de la Informaci&oacute;n&rsquo;, mostra como o governo peruano aprovou um plano de desenvolvimento da sociedade da informa&ccedil;&atilde;o, com cinco objetivos estrat&eacute;gicos: infraestrutura de telecomunica&ccedil;&otilde;es, desenvolvimento de capacidades humanas, aplica&ccedil;&otilde;es sociais, participa&ccedil;&atilde;o cidad&atilde;, produ&ccedil;&atilde;o e servi&ccedil;os e governo eletr&ocirc;nico. A autora destaca a import&acirc;ncia das TICs para ampliar o conhecimento e proporcionar o desenvolvimento social, sem abandonar a dimens&atilde;o &eacute;tica de sua utiliza&ccedil;&atilde;o.<\/p>\n<p>Este n&uacute;mero da Revista Eptic On Line retoma o debate da edi&ccedil;&atilde;o anterior e busca ampliar a discuss&atilde;o envolvendo a &aacute;rea da Educa&ccedil;&atilde;o no &acirc;mbito da Economia Pol&iacute;tica da Comunica&ccedil;&atilde;o. O artigo &lsquo;Educa&ccedil;&atilde;o e produ&ccedil;&atilde;o de conhecimento na sociedade da informa&ccedil;&atilde;o&rsquo;, de Maria de F&aacute;tima Monte Lima, por exemplo, ressalta que a elabora&ccedil;&atilde;o de diferentes formas de aprendizagem e de diferentes processos de sociabilidades que dinamizam os saberes das diferentes culturas e classes sociais, mantendo em rede com as diferentes culturas um di&aacute;logo constante, &eacute; um dos desafios pedag&oacute;gico para os professores e demais sujeitos educacionais. <\/p>\n<p>Da mesma forma, Alcenir Soares dos Reis, Cl&aacute;udia Ribas e Ana Paula Pedroso, discutem, atrav&eacute;s do texto &lsquo;Novas tecnologias de informa&ccedil;&atilde;o e comunica&ccedil;&atilde;o no processo de educa&ccedil;&atilde;o a dist&acirc;ncia: possibilidades, limites e desafios&rsquo;, a inter-rela&ccedil;&atilde;o entre educa&ccedil;&atilde;o-tecnologia, dentro de um prisma global, tendo como foco o contexto da sociedade da informa&ccedil;&atilde;o, realidade que, para as autoras, vem apresentando novos desafios e contradi&ccedil;&otilde;es no &acirc;mbito da educa&ccedil;&atilde;o brasileira. <\/p>\n<p>J&aacute; o referencial adotado por G&iacute;lian Barros e Eziquiel Menta, em &lsquo;Podcast: produ&ccedil;&otilde;es de &aacute;udio para educa&ccedil;&atilde;o de forma cr&iacute;tica, criativa e cidad&atilde;&rsquo;, evidencia o uso de PodCasts como ferramenta pedag&oacute;gica, a partir de experi&ecirc;ncias e descobertas vivenciadas no ciberespa&ccedil;o no &acirc;mbito do projeto colaborativo com &ecirc;nfase na produ&ccedil;&atilde;o de &aacute;udio para educa&ccedil;&atilde;o &quot;PodEscola&quot;.<\/p>\n<p>O jornalismo cultural contempor&acirc;neo tamb&eacute;m ganha destaque. Com base em alguns indicadores mais freq&uuml;entes encontrados nas p&aacute;ginas culturais dos principais di&aacute;rios brasileiros, o texto &lsquo;A l&oacute;gica do entretenimento no jornalismo cultural brasileiro&rsquo;, de S&eacute;rgio Luiz Gadini, discute essa perspectiva de abordagem aliada &agrave; preocupa&ccedil;&atilde;o com o &lsquo;jornalismo de servi&ccedil;o&rsquo;, numa gradual substitui&ccedil;&atilde;o do espa&ccedil;o outrora ocupado pela informa&ccedil;&atilde;o e cr&iacute;tica. Para o autor, tal orienta&ccedil;&atilde;o vai ao encontro da constante influ&ecirc;ncia e a&ccedil;&atilde;o que a ind&uacute;stria cultural vem exercendo nos modos de ser, pensar e agir dos leitores\/telespectadores\/usu&aacute;rios e nas l&oacute;gicas de produ&ccedil;&atilde;o jornal&iacute;stica setorizada. No caso da investiga&ccedil;&atilde;o de Raquel Urquiza Garc&iacute;a, intitulada &lsquo;El desarrollo de la televisi&oacute;n digital terrestre en el mercado de la Uni&oacute;n Europea&rsquo;, h&aacute; um balan&ccedil;o sobre o impacto que tem causado o processo de implanta&ccedil;&atilde;o da Televis&atilde;o Digital Terrestre na Uni&atilde;o Europ&eacute;ia, atrav&eacute;s da ado&ccedil;&atilde;o de diferentes modelos de neg&oacute;cio.<\/p>\n<p>A revista Eptic On Line deste semestre traz ainda uma entrevista com a representante da Funda&ccedil;&atilde;o Ford no Brasil, Ana Toni, formulada por C&eacute;sar Bola&ntilde;o e Danielle Azevedo, em que s&atilde;o discutidos os investimentos no pa&iacute;s em pesquisas na &aacute;rea da Economia Pol&iacute;tica da Comunica&ccedil;&atilde;o. H&aacute; tamb&eacute;m um texto de Octavio Penna Pieranti e Paulo Em&iacute;lio Matos Martins, denominado &lsquo;A radiodifus&atilde;o como um neg&oacute;cio: um olhar sobre a gesta&ccedil;&atilde;o do C&oacute;digo Brasileiro de Telecomunica&ccedil;&otilde;es&rsquo;. Este artigo tem como objetivo apresentar um olhar sobre a gesta&ccedil;&atilde;o do C&oacute;digo Brasileiro de Telecomunica&ccedil;&otilde;es, promulgado em 1962, confrontando-o com o mercado nascente e analisando os atores envolvidos em sua aprova&ccedil;&atilde;o, seus interesses e o debate acerca do texto da lei. <\/p>\n<p>Estes dois &uacute;ltimos autores tiveram o seu livro &lsquo;Estado e gest&atilde;o p&uacute;blica: vis&otilde;es do Brasil contempor&acirc;neo&rsquo; resenhado por Jos&eacute; Ser&aacute;fico, no texto &lsquo;Para quem quer compreender o Brasil&rsquo;.&nbsp; As resenhas &lsquo;Norbert Elias e Eric Dunning: estudos sociol&oacute;gicos acerca do desporto e do lazer&rsquo;, de Arquimedes Szezerbicki da Silva; Luiz Alberto Pilatti e Jo&atilde;o Luiz Kovaleski, e &lsquo;As audi&ecirc;ncias, as cores e m&uacute;sculos do pr&oacute;ximo ver&atilde;o nos reality shows&rsquo;, de &Aacute;lvaro Benevenuto Jr., tamb&eacute;m s&atilde;o leituras imperd&iacute;veis. <\/p>\n","protected":false},"excerpt":{"rendered":"<p>&nbsp; Acaba de ser lan&ccedil;ado o novo volume da Revista Eptic On Line, equivalente ao per&iacute;odo de janeiro a abril de 2007. Contando com a contribui&ccedil;&atilde;o de importantes pesquisadores de diversas regi&otilde;es do pa&iacute;s, esta edi&ccedil;&atilde;o vem recheada de investiga&ccedil;&otilde;es referentes &agrave; &aacute;rea da economia pol&iacute;tica das comunica&ccedil;&otilde;es e sua estreita rela&ccedil;&atilde;o com a educa&ccedil;&atilde;o. &hellip; <a href=\"https:\/\/obscom.intervozes.org.br\/?p=17991\" class=\"more-link\">Continue lendo <span class=\"screen-reader-text\">Eptic lan\u00e7a nova edi\u00e7\u00e3o de sua revista on-line<\/span> <span class=\"meta-nav\">&rarr;<\/span><\/a><\/p>\n","protected":false},"author":1,"featured_media":0,"comment_status":"open","ping_status":"open","sticky":false,"template":"","format":"standard","meta":{"footnotes":""},"categories":[40],"tags":[94],"_links":{"self":[{"href":"https:\/\/obscom.intervozes.org.br\/index.php?rest_route=\/wp\/v2\/posts\/17991"}],"collection":[{"href":"https:\/\/obscom.intervozes.org.br\/index.php?rest_route=\/wp\/v2\/posts"}],"about":[{"href":"https:\/\/obscom.intervozes.org.br\/index.php?rest_route=\/wp\/v2\/types\/post"}],"author":[{"embeddable":true,"href":"https:\/\/obscom.intervozes.org.br\/index.php?rest_route=\/wp\/v2\/users\/1"}],"replies":[{"embeddable":true,"href":"https:\/\/obscom.intervozes.org.br\/index.php?rest_route=%2Fwp%2Fv2%2Fcomments&post=17991"}],"version-history":[{"count":0,"href":"https:\/\/obscom.intervozes.org.br\/index.php?rest_route=\/wp\/v2\/posts\/17991\/revisions"}],"wp:attachment":[{"href":"https:\/\/obscom.intervozes.org.br\/index.php?rest_route=%2Fwp%2Fv2%2Fmedia&parent=17991"}],"wp:term":[{"taxonomy":"category","embeddable":true,"href":"https:\/\/obscom.intervozes.org.br\/index.php?rest_route=%2Fwp%2Fv2%2Fcategories&post=17991"},{"taxonomy":"post_tag","embeddable":true,"href":"https:\/\/obscom.intervozes.org.br\/index.php?rest_route=%2Fwp%2Fv2%2Ftags&post=17991"}],"curies":[{"name":"wp","href":"https:\/\/api.w.org\/{rel}","templated":true}]}}