{"id":17988,"date":"2007-01-29T15:01:59","date_gmt":"2007-01-29T15:01:59","guid":{"rendered":"https:\/\/obscom.intervozes.org.br\/wordpress\/?p=17988"},"modified":"2007-01-29T15:01:59","modified_gmt":"2007-01-29T15:01:59","slug":"teves-latinas-criam-rede-de-cooperacao","status":"publish","type":"post","link":"https:\/\/obscom.intervozes.org.br\/?p=17988","title":{"rendered":"Tev\u00eas latinas criam rede de coopera\u00e7\u00e3o"},"content":{"rendered":"<div>\n<p>Representantes de canais televisivos de cinco pa&iacute;ses decidiram hoje em Cartagena, na Col&ocirc;mbia, criar a Rede Regional de Noticiadores de Televis&atilde;o da Am&eacute;rica Latina para coordenar seus projetos e promover sistemas operacionais comuns. Diretores de empresas de televis&atilde;o de Argentina, Equador, M&eacute;xico, Venezuela e Col&ocirc;mbia participaram do Primeiro Encontro Latino-americano de Meios de Comunica&ccedil;&atilde;o Aliados.Dar&iacute;o Fernando Pati&ntilde;o, diretor de not&iacute;cias do canal &#39;Caracol&#39;, da Col&ocirc;mbia, explicou que &#39;a id&eacute;ia &eacute; que os integrantes da rede se ap&oacute;iem no campo operacional etamb&eacute;m defendam o trabalho jornal&iacute;stico&#39;.Participaram da reuni&atilde;o representantes da &#39;Telef&eacute;&#39;, da Argentina; da &#39;Ecuavisa&#39;, do Equador; e da &#39;Radio Caracas Televisi&oacute;n&#39; (&#39;RCTV&#39;), da Venezuela. <\/p>\n<p>&#8211; Com esta integra&ccedil;&atilde;o, queremos realizar trabalhos conjuntos, como, por exemplo, a aquisi&ccedil;&atilde;o de tecnologia e a cobertura de eventos &#8211; disse Pati&ntilde;o.O jornalista colombiano disse que, &#39;se Fidel Castro morrer, &eacute; mais f&aacute;cil que uma equipe, e n&atilde;o cinco ou seis, entre na ilha com permiss&atilde;o para cobrir e enviar relat&oacute;rios para os associados sobre o que estiver ocorrendo&#39;.Os presentes sesolidarizaram com a &#39;Radio Caracas Televisi&oacute;n&#39;, depois que o presidente da Venezuela, Hugo Ch&aacute;vez, anunciou, h&aacute; duas semanas, que a licen&ccedil;a de opera&ccedil;&atilde;o do canal, criado h&aacute; mais de 50 anos, n&atilde;o ser&aacute; renovada.No domingo, antes do encerramento da reuni&atilde;o, ser&aacute; redigida uma proposi&ccedil;&atilde;o conjunta de solidariedade com a &#39;RCTV&#39;.Pati&ntilde;o afirmou que o caso venezuelano &#39;deve servir de alerta para outros meios do continente&#39;, porque pode acontecer com eles o mesmo que com a &#39;R&aacute;dio Caracas Televis&oacute;n&#39;, caso fa&ccedil;am oposi&ccedil;&atilde;o aos Governos de seus pa&iacute;ses. <\/p>\n<p>&nbsp;<\/p>\n<p>&nbsp;<\/p>\n<\/div>\n","protected":false},"excerpt":{"rendered":"<p>Representantes de canais televisivos da Argentina, Equador, M\u00e9xico, Venezuela e Col\u00f4mbia decidiram em Cartagena, na Col\u00f4mbia, criar a Rede Regional de Noticiadores de Televis\u00e3o da Am\u00e9rica Latina para coordenar seus projetos e promover sistemas operacionais comuns.<\/p>\n","protected":false},"author":1,"featured_media":0,"comment_status":"open","ping_status":"open","sticky":false,"template":"","format":"standard","meta":{"footnotes":""},"categories":[40],"tags":[93],"_links":{"self":[{"href":"https:\/\/obscom.intervozes.org.br\/index.php?rest_route=\/wp\/v2\/posts\/17988"}],"collection":[{"href":"https:\/\/obscom.intervozes.org.br\/index.php?rest_route=\/wp\/v2\/posts"}],"about":[{"href":"https:\/\/obscom.intervozes.org.br\/index.php?rest_route=\/wp\/v2\/types\/post"}],"author":[{"embeddable":true,"href":"https:\/\/obscom.intervozes.org.br\/index.php?rest_route=\/wp\/v2\/users\/1"}],"replies":[{"embeddable":true,"href":"https:\/\/obscom.intervozes.org.br\/index.php?rest_route=%2Fwp%2Fv2%2Fcomments&post=17988"}],"version-history":[{"count":0,"href":"https:\/\/obscom.intervozes.org.br\/index.php?rest_route=\/wp\/v2\/posts\/17988\/revisions"}],"wp:attachment":[{"href":"https:\/\/obscom.intervozes.org.br\/index.php?rest_route=%2Fwp%2Fv2%2Fmedia&parent=17988"}],"wp:term":[{"taxonomy":"category","embeddable":true,"href":"https:\/\/obscom.intervozes.org.br\/index.php?rest_route=%2Fwp%2Fv2%2Fcategories&post=17988"},{"taxonomy":"post_tag","embeddable":true,"href":"https:\/\/obscom.intervozes.org.br\/index.php?rest_route=%2Fwp%2Fv2%2Ftags&post=17988"}],"curies":[{"name":"wp","href":"https:\/\/api.w.org\/{rel}","templated":true}]}}