{"id":17985,"date":"2007-01-29T13:09:19","date_gmt":"2007-01-29T13:09:19","guid":{"rendered":"https:\/\/obscom.intervozes.org.br\/wordpress\/?p=17985"},"modified":"2007-01-29T13:09:19","modified_gmt":"2007-01-29T13:09:19","slug":"juiz-da-voz-de-prisao-a-reporter-sem-diploma","status":"publish","type":"post","link":"https:\/\/obscom.intervozes.org.br\/?p=17985","title":{"rendered":"Juiz d\u00e1 voz de pris\u00e3o a rep\u00f3rter sem diploma"},"content":{"rendered":"<div>O rep&oacute;rter Silv&eacute;rio Netto, da r&aacute;dio comunit&aacute;ria Total FM, recebeu ordem de pris&atilde;o do juiz Richard Fernando Silva, do Juizado Especial de Par&aacute; de Minas (MG), por n&atilde;o ter diploma em jornalismo. Netto entrevistava o magistrado a respeito de uma declara&ccedil;&atilde;o do advogado Ronaldo Galv&atilde;o quando o juiz interrompeu a entrevista e perguntou se ele era formado ou tinha carteira de jornalista. Ao responder negativamente, Netto recebeu voz de pris&atilde;o por exerc&iacute;cio ilegal da profiss&atilde;o, apesar do Supremo Tribunal Federal (STF) ter derrubado a obrigatoriedade at&eacute; que a quest&atilde;o seja julgada definitivamente.<\/div>\n<div>&ldquo;Fui dar um direito de resposta ao juiz porque um advogado afirmou que a popula&ccedil;&atilde;o queria saber o destino do dinheiro que vai para o tribunal de pequenas causas. Quando disse quem havia dado a declara&ccedil;&atilde;o, ele interrompeu a entrevista e me fez as perguntas&rdquo;, afirmou Netto.<\/div>\n<div><strong>Esquecimento<\/strong><\/div>\n<div><strong><br \/><\/strong>Procurado pelo Comunique-se, Fernando Silva n&atilde;o confirmou as declara&ccedil;&otilde;es&nbsp;do rep&oacute;rter da r&aacute;dio Total.&nbsp;Afirmou n&atilde;o poder se lembrar da situa&ccedil;&atilde;o. &ldquo;Isso tudo est&aacute; documentado nos autos. A gente prende as pessoas diariamente, n&atilde;o vou lembrar um motivo espec&iacute;fico. S&atilde;o mais de cinco mil processos&rdquo;, explicou. <\/div>\n<div>O pr&oacute;prio juiz lembrou que n&atilde;o poderia prender ningu&eacute;m por n&atilde;o ter o diploma, mas n&atilde;o soube apresentar uma raz&atilde;o espec&iacute;fica. &ldquo;N&atilde;o sei se foi por desacato, por identidade falsa ou aus&ecirc;ncia de carteira. Como a quest&atilde;o da obrigatoriedade do diploma ainda n&atilde;o foi julgada, n&atilde;o deve ser por isso, afirmou.&rdquo;<\/div>\n<div><\/div>\n<div><strong>Julgamento<\/strong><\/div>\n<div><strong><br \/><\/strong>Segundo Netto, dois dias ap&oacute;s a pris&atilde;o, ele compareceu &agrave; sua audi&ecirc;ncia cujo juiz era o pr&oacute;prio Fernando Silva. Na ocasi&atilde;o, o juiz teria percebido que n&atilde;o poderia enquadr&aacute;-lo por exerc&iacute;cio ilegal. &ldquo;A&iacute; ele falou que eu era julgado por causa do &lsquo;depois&rsquo; pois teria dito que s&oacute; mostraria minha carteira de jornalista depois&rdquo;.<\/div>\n<div>Netto revela que a &uacute;nica testemunha seria uma funcion&aacute;ria subordinada ao mesmo juiz. &ldquo;Depois disso ele quis fazer um acordo, mas que deveria ser feito pela promotoria. Ent&atilde;o&nbsp;ele anulou a audi&ecirc;ncia e marcou outra para fevereiro&rdquo;, explicou. <\/div>\n<div>Como o juiz encontra-se de recesso neste m&ecirc;s, &eacute; poss&iacute;vel que ele presida a pr&oacute;xima audi&ecirc;ncia novamente. <\/div>\n<div>O Comunique-se tentou ter acesso aos autos da audi&ecirc;ncia, mas o Tribunal informou que s&oacute; pode dar acesso a pessoas que comparecerem em seu endere&ccedil;o.<\/div>\n","protected":false},"excerpt":{"rendered":"<p>O rep&oacute;rter Silv&eacute;rio Netto, da r&aacute;dio comunit&aacute;ria Total FM, recebeu ordem de pris&atilde;o do juiz Richard Fernando Silva, do Juizado Especial de Par&aacute; de Minas (MG), por n&atilde;o ter diploma em jornalismo. Netto entrevistava o magistrado a respeito de uma declara&ccedil;&atilde;o do advogado Ronaldo Galv&atilde;o quando o juiz interrompeu a entrevista e perguntou se ele &hellip; <a href=\"https:\/\/obscom.intervozes.org.br\/?p=17985\" class=\"more-link\">Continue lendo <span class=\"screen-reader-text\">Juiz d\u00e1 voz de pris\u00e3o a rep\u00f3rter sem diploma<\/span> <span class=\"meta-nav\">&rarr;<\/span><\/a><\/p>\n","protected":false},"author":1,"featured_media":0,"comment_status":"open","ping_status":"open","sticky":false,"template":"","format":"standard","meta":{"footnotes":""},"categories":[40],"tags":[90],"_links":{"self":[{"href":"https:\/\/obscom.intervozes.org.br\/index.php?rest_route=\/wp\/v2\/posts\/17985"}],"collection":[{"href":"https:\/\/obscom.intervozes.org.br\/index.php?rest_route=\/wp\/v2\/posts"}],"about":[{"href":"https:\/\/obscom.intervozes.org.br\/index.php?rest_route=\/wp\/v2\/types\/post"}],"author":[{"embeddable":true,"href":"https:\/\/obscom.intervozes.org.br\/index.php?rest_route=\/wp\/v2\/users\/1"}],"replies":[{"embeddable":true,"href":"https:\/\/obscom.intervozes.org.br\/index.php?rest_route=%2Fwp%2Fv2%2Fcomments&post=17985"}],"version-history":[{"count":0,"href":"https:\/\/obscom.intervozes.org.br\/index.php?rest_route=\/wp\/v2\/posts\/17985\/revisions"}],"wp:attachment":[{"href":"https:\/\/obscom.intervozes.org.br\/index.php?rest_route=%2Fwp%2Fv2%2Fmedia&parent=17985"}],"wp:term":[{"taxonomy":"category","embeddable":true,"href":"https:\/\/obscom.intervozes.org.br\/index.php?rest_route=%2Fwp%2Fv2%2Fcategories&post=17985"},{"taxonomy":"post_tag","embeddable":true,"href":"https:\/\/obscom.intervozes.org.br\/index.php?rest_route=%2Fwp%2Fv2%2Ftags&post=17985"}],"curies":[{"name":"wp","href":"https:\/\/api.w.org\/{rel}","templated":true}]}}