{"id":17983,"date":"2007-01-24T18:06:51","date_gmt":"2007-01-24T18:06:51","guid":{"rendered":"https:\/\/obscom.intervozes.org.br\/wordpress\/?p=17983"},"modified":"2007-01-24T18:06:51","modified_gmt":"2007-01-24T18:06:51","slug":"pac-tem-medidas-para-tv-e-inclusao-digital","status":"publish","type":"post","link":"https:\/\/obscom.intervozes.org.br\/?p=17983","title":{"rendered":"PAC t\u00eam medidas para TV e Inclus\u00e3o digital"},"content":{"rendered":"<p>O Programa de Acelera&ccedil;&atilde;o do Crescimento (PAC) anunciado pelo presidente Lula na manh&atilde; de segunda-feira, 22, traz apenas tr&ecirc;s medidas em rela&ccedil;&atilde;o ao setor de telecomunica&ccedil;&otilde;es, comunica&ccedil;&otilde;es e inform&aacute;tica: 1) o Programa de Incentivo ao Setor de TV Digital; 2) o programa de incentivo &agrave; pesquisa, desenvolvimento e produ&ccedil;&atilde;o de semicondutores e; 3) a amplia&ccedil;&otilde;es nos limites de isen&ccedil;&atilde;o para a produ&ccedil;&atilde;o de computadores pessoais, inclusive notebooks.<\/p>\n<p>Os dois primeiros programas s&atilde;o novos e por isso n&atilde;o ter&atilde;o impacto em rela&ccedil;&atilde;o &agrave; renuncia fiscal. J&aacute; o terceiro programa provocar&aacute;, em um primeiro momento, uma perda de R$ 200 milh&otilde;es em impostos para o Governo Federal. As demais medidas atendem &agrave; necessidade de desenvolvimento da ind&uacute;stria da constru&ccedil;&atilde;o civil e dos demais setores de infra-estrutura (diversas formas de produ&ccedil;&atilde;o de energia e todas as modalidades de transportes).<\/p>\n<p>Segundo as palavras do presidente Lula, o PAC &quot;engloba um conjunto de medidas destinadas a desonerar e incentivar o investimento privado, aumentar o investimento p&uacute;blico e aperfei&ccedil;oar a pol&iacute;tica fiscal&quot;. Na primeira etapa, as medidas est&atilde;o agrupadas em cinco blocos: investimento em infra-estrutura, est&iacute;mulo ao cr&eacute;dito e ao financiamento, desenvolvimento institucional, desonera&ccedil;&atilde;o e administra&ccedil;&atilde;o tribut&aacute;ria, e medidas fiscais de longo prazo.<\/p>\n<p>Programas<\/p>\n<p>** O Programa de Incentivos ao Setor da TV Digital (PATVD) dever&aacute; estimular a pesquisa e desenvolvimento e produ&ccedil;&atilde;o dos equipamentos aplicados &agrave; TV digital, exceto os set-top boxes, que contar&atilde;o com os incentivos da Zona Franca de Manaus. De acordo com a proposta, as empresas que aderirem ao programa ser&atilde;o beneficiadas com a redu&ccedil;&atilde;o total das al&iacute;quotas do IPI, do PIS, da Cofins e da Cide incidentes sobre a venda de transmissores, bem como sobre a aquisi&ccedil;&atilde;o de bens de capital e as transfer&ecirc;ncias para aquisi&ccedil;&atilde;o de tecnologia e software.<\/p>\n<p>** O Programa de Incentivo &agrave; Pesquisa e Desenvolvimento de Produ&ccedil;&atilde;o de Bens de Microeletr&ocirc;nica (semicondutores) possibilitar&aacute; as ind&uacute;strias que aderirem ao programa os mesmos benef&iacute;cios destinados &agrave; industria de TV digital, mais a isen&ccedil;&atilde;o do Imposto de Renda.<\/p>\n<p>** A amplia&ccedil;&atilde;o dos benef&iacute;cios tribut&aacute;rios para microcomputadores amplia os limites do valor de venda a varejo de microcomputadores e notebooks beneficiados com al&iacute;quota zero de PIS e Cofins. Os atuais limites, de R$ 2,5 mil e R$ 3 mil, passam para R$ 4 mil em ambos os casos. O projeto altera o Programa de Inclus&atilde;o Digital criado pela Lei 11.196 de 2005. <\/p>\n<p>Lula anunciou &quot;para breve&quot; outras medidas, especialmente em rela&ccedil;&atilde;o &agrave; educa&ccedil;&atilde;o. O PAC, de fato, n&atilde;o tem nenhuma refer&ecirc;ncia aos programas de inclus&atilde;o digital nas escolas, com uso dos recursos do Fust. Talvez sejam estes os projetos a que Lula se referia no discurso desta segunda-feira e que ser&atilde;o anunciados brevemente.<\/p>\n<p><strong>Mudan&ccedil;as regulat&oacute;rias<\/strong><\/p>\n<p>Entre o conjunto de medidas anunciadas est&atilde;o tamb&eacute;m algumas importantes em rela&ccedil;&atilde;o ao conjunto de regras que muitas vezes afetam o setor de comunica&ccedil;&otilde;es:<\/p>\n<p>** Est&atilde;o propostas mudan&ccedil;as na Lei de Licita&ccedil;&otilde;es (Lei 8.666\/93), com vistas a torn&aacute;-la mais &aacute;gil e mais adequada ao processo de acelera&ccedil;&atilde;o dos investimentos. De acordo com a proposta, as principais medidas s&atilde;o permitir a invers&atilde;o das fases licitat&oacute;rias; utiliza&ccedil;&atilde;o de meios eletr&ocirc;nicos em todas as modalidades de licita&ccedil;&atilde;o; inclus&atilde;o de fase saneadora; cria&ccedil;&atilde;o do Cadastro Nacional de Registro de Pre&ccedil;os; diminui&ccedil;&atilde;o dos prazos e fases recursais; uso de novas ferramentas tecnol&oacute;gicas para verifica&ccedil;&atilde;o da habilita&ccedil;&atilde;o; e substitui&ccedil;&atilde;o da publica&ccedil;&atilde;o no Di&aacute;rio Oficial por publica&ccedil;&atilde;o em meio eletr&ocirc;nico via Internet. Com estas mudan&ccedil;as, o governo pretende reduzir os custos das licita&ccedil;&otilde;es e aumentar a velocidade de sua realiza&ccedil;&atilde;o.<\/p>\n<p>** Foi proposta tamb&eacute;m a reestrutura&ccedil;&atilde;o do Sistema de Defesa da Concorr&ecirc;ncia, de forma a racionalizar o desenho institucional, unificando as fun&ccedil;&otilde;es de instru&ccedil;&atilde;o e julgamento no Cade e centralizar as atividades de promo&ccedil;&atilde;o da concorr&ecirc;ncia na Secretaria de Acompanhamento Econ&ocirc;mico do Minist&eacute;rio da Fazenda (SEAE). Ser&atilde;o enfatizadas as a&ccedil;&otilde;es de combate a condutas anticompetitivas e criados mecanismos de an&aacute;lise pr&eacute;via de fus&otilde;es e aquisi&ccedil;&otilde;es, com rito simplificado para a an&aacute;lise de opera&ccedil;&otilde;es de impacto concorrencial reduzido.<\/p>\n<p>** Outra proposta &eacute; a revis&atilde;o da situa&ccedil;&atilde;o das ag&ecirc;ncias reguladoras, j&aacute; proposta desde 2004 pelo PL 3337\/04, que tramita na C&acirc;mara dos Deputados, para disciplinar a gest&atilde;o, a organiza&ccedil;&atilde;o e o controle social das ag&ecirc;ncias, definindo ainda o padr&atilde;o de intera&ccedil;&atilde;o entre estas e os &oacute;rg&atilde;os de defesa da concorr&ecirc;ncia.<\/p>\n<p><strong>Participa&ccedil;&atilde;o do Congresso Nacional<\/strong><\/p>\n<p>Para concretizar os projetos que comp&otilde;em o PAC, foram baixadas sete medidas provis&oacute;rias, seis decretos e encaminhadas ao Congresso duas propostas de mudan&ccedil;as em leis complementares e mais tr&ecirc;s projetos de lei.<\/p>\n","protected":false},"excerpt":{"rendered":"<p>Programa anunciado por Lula traz tr\u00eas medidas em rela\u00e7\u00e3o ao setor de telecomunica\u00e7\u00f5es, comunica\u00e7\u00f5es e inform\u00e1tica: 1) Incentivo ao Setor de TV Digital; 2) Incentivo \u00e0 pesquisa e produ\u00e7\u00e3o de semicondutores e 3)amplia\u00e7\u00e3o da isen\u00e7\u00e3o para a produ\u00e7\u00e3o de computadores.<\/p>\n","protected":false},"author":1,"featured_media":0,"comment_status":"open","ping_status":"open","sticky":false,"template":"","format":"standard","meta":{"footnotes":""},"categories":[40],"tags":[89],"_links":{"self":[{"href":"https:\/\/obscom.intervozes.org.br\/index.php?rest_route=\/wp\/v2\/posts\/17983"}],"collection":[{"href":"https:\/\/obscom.intervozes.org.br\/index.php?rest_route=\/wp\/v2\/posts"}],"about":[{"href":"https:\/\/obscom.intervozes.org.br\/index.php?rest_route=\/wp\/v2\/types\/post"}],"author":[{"embeddable":true,"href":"https:\/\/obscom.intervozes.org.br\/index.php?rest_route=\/wp\/v2\/users\/1"}],"replies":[{"embeddable":true,"href":"https:\/\/obscom.intervozes.org.br\/index.php?rest_route=%2Fwp%2Fv2%2Fcomments&post=17983"}],"version-history":[{"count":0,"href":"https:\/\/obscom.intervozes.org.br\/index.php?rest_route=\/wp\/v2\/posts\/17983\/revisions"}],"wp:attachment":[{"href":"https:\/\/obscom.intervozes.org.br\/index.php?rest_route=%2Fwp%2Fv2%2Fmedia&parent=17983"}],"wp:term":[{"taxonomy":"category","embeddable":true,"href":"https:\/\/obscom.intervozes.org.br\/index.php?rest_route=%2Fwp%2Fv2%2Fcategories&post=17983"},{"taxonomy":"post_tag","embeddable":true,"href":"https:\/\/obscom.intervozes.org.br\/index.php?rest_route=%2Fwp%2Fv2%2Ftags&post=17983"}],"curies":[{"name":"wp","href":"https:\/\/api.w.org\/{rel}","templated":true}]}}