{"id":17967,"date":"2007-01-19T15:51:34","date_gmt":"2007-01-19T15:51:34","guid":{"rendered":"https:\/\/obscom.intervozes.org.br\/wordpress\/?p=17967"},"modified":"2007-01-19T15:51:34","modified_gmt":"2007-01-19T15:51:34","slug":"justica-espera-explicacoes-da-anatel-sobre-way-brasil-ate-o-dia-25","status":"publish","type":"post","link":"https:\/\/obscom.intervozes.org.br\/?p=17967","title":{"rendered":"Justi\u00e7a espera explica\u00e7\u00f5es da Anatel sobre Way Brasil at\u00e9 o dia 25"},"content":{"rendered":"<p>O juiz Waldemar Cl&aacute;udio de Carvalho, da 13&ordf; Vara da Justi&ccedil;a Federal do Distrito Federal, acatou um mandado de seguran&ccedil;a apresentado pela Way Brasil e deu um prazo de dez dias, contados a partir do &uacute;ltimo dia 15, para que a Anatel explique a demora em deliberar sobre o pedido de anu&ecirc;ncia pr&eacute;via para a compra da operadora de TV a cabo pelo Grupo Telemar. <\/p>\n<p>No despacho, o juiz afirma que s&oacute; ir&aacute; se pronunciar sobre a concess&atilde;o de uma eventual liminar ap&oacute;s as explica&ccedil;&otilde;es do &oacute;rg&atilde;o regulador, que ter&atilde;o que ser dadas at&eacute; o dia 25, pr&oacute;xima quinta-feira. Na a&ccedil;&atilde;o apresentada pela Way Brasil &agrave; 13a a Vara Federal, a operada pede a concess&atilde;o de uma liminar determinando que a Anatel d&ecirc; &quot;imediata e conclusiva delibera&ccedil;&atilde;o sobre a anu&ecirc;ncia pr&eacute;via&quot;para que a compra pela Telemar possa ser ou n&atilde;o concretizada.<\/p>\n<p>A Way Brasil foi adquirida pela Telemar, por R$ 132 milh&otilde;es (&aacute;gio de 65%), em julho de 2006, em leil&atilde;o realizado na Bovespa. At&eacute; hoje, o Conselho Diretor da Anatel n&atilde;o deliberou sobre o pedido de anu&ecirc;ncia pr&eacute;via &agrave; opera&ccedil;&atilde;o, apresentado pela Telemar em agosto do ano passado.<\/p>\n<p>Na semana passada, a newsletter Tele.S&iacute;ntese An&aacute;lise j&aacute; havia antecipado que a Way Brasil entrara na Justi&ccedil;a contra a Anatel cobrando um posicionamento r&aacute;pido da ag&ecirc;ncia sobre o pedido de anu&ecirc;ncia pr&eacute;via. A mat&eacute;ria informou que, antes de se pronunciar, o juiz queria maiores informa&ccedil;&otilde;es da ag&ecirc;ncia e, agora, ele fixou um prazo para que o &oacute;rg&atilde;o regulador entregue &agrave;s informa&ccedil;&otilde;es. <\/p>\n<p>O texto do Tele.S&iacute;ntese An&aacute;lise relatou ainda que a Way Brasil j&aacute; sofre com os efeitos da demora e da indefini&ccedil;&atilde;o sobre os rumos da empresa, at&eacute; porque o dinheiro da Telemar est&aacute; depositado em ju&iacute;zo e n&atilde;o chegou ao caixa da empresa. Os funcion&aacute;rios da operadora de TV a cabo est&atilde;o desmotivados e os clientes preocupados. <\/p>\n<p>A Way Brasil tem opera&ccedil;&otilde;es de TV por assinatura nas cidades de Belo Horizonte, Barbacena, Po&ccedil;os de Caldas e Uberl&acirc;ndia. A Infovias &eacute; a controladora, com 69,25%. Conta ainda, entre os s&oacute;cios, com uma empresa regional, a Brasil Telecomunica&ccedil;&otilde;es, com 18,34%, os Di&aacute;rios Associados, com 11,3%, e a Clic, com 0,68%.<\/p>\n","protected":false},"excerpt":{"rendered":"<p>O juiz Waldemar Cl&aacute;udio de Carvalho, da 13&ordf; Vara da Justi&ccedil;a Federal do Distrito Federal, acatou um mandado de seguran&ccedil;a apresentado pela Way Brasil e deu um prazo de dez dias, contados a partir do &uacute;ltimo dia 15, para que a Anatel explique a demora em deliberar sobre o pedido de anu&ecirc;ncia pr&eacute;via para a &hellip; <a href=\"https:\/\/obscom.intervozes.org.br\/?p=17967\" class=\"more-link\">Continue lendo <span class=\"screen-reader-text\">Justi\u00e7a espera explica\u00e7\u00f5es da Anatel sobre Way Brasil at\u00e9 o dia 25<\/span> <span class=\"meta-nav\">&rarr;<\/span><\/a><\/p>\n","protected":false},"author":1,"featured_media":0,"comment_status":"open","ping_status":"open","sticky":false,"template":"","format":"standard","meta":{"footnotes":""},"categories":[40],"tags":[61],"_links":{"self":[{"href":"https:\/\/obscom.intervozes.org.br\/index.php?rest_route=\/wp\/v2\/posts\/17967"}],"collection":[{"href":"https:\/\/obscom.intervozes.org.br\/index.php?rest_route=\/wp\/v2\/posts"}],"about":[{"href":"https:\/\/obscom.intervozes.org.br\/index.php?rest_route=\/wp\/v2\/types\/post"}],"author":[{"embeddable":true,"href":"https:\/\/obscom.intervozes.org.br\/index.php?rest_route=\/wp\/v2\/users\/1"}],"replies":[{"embeddable":true,"href":"https:\/\/obscom.intervozes.org.br\/index.php?rest_route=%2Fwp%2Fv2%2Fcomments&post=17967"}],"version-history":[{"count":0,"href":"https:\/\/obscom.intervozes.org.br\/index.php?rest_route=\/wp\/v2\/posts\/17967\/revisions"}],"wp:attachment":[{"href":"https:\/\/obscom.intervozes.org.br\/index.php?rest_route=%2Fwp%2Fv2%2Fmedia&parent=17967"}],"wp:term":[{"taxonomy":"category","embeddable":true,"href":"https:\/\/obscom.intervozes.org.br\/index.php?rest_route=%2Fwp%2Fv2%2Fcategories&post=17967"},{"taxonomy":"post_tag","embeddable":true,"href":"https:\/\/obscom.intervozes.org.br\/index.php?rest_route=%2Fwp%2Fv2%2Ftags&post=17967"}],"curies":[{"name":"wp","href":"https:\/\/api.w.org\/{rel}","templated":true}]}}