{"id":17965,"date":"2007-01-19T15:47:07","date_gmt":"2007-01-19T15:47:07","guid":{"rendered":"https:\/\/obscom.intervozes.org.br\/wordpress\/?p=17965"},"modified":"2007-01-19T15:47:07","modified_gmt":"2007-01-19T15:47:07","slug":"paises-discutem-tratado-internacional-para-evitar-pirataria-dos-sinais-de-tv","status":"publish","type":"post","link":"https:\/\/obscom.intervozes.org.br\/?p=17965","title":{"rendered":"Pa\u00edses discutem tratado internacional para evitar &#8220;pirataria&#8221; dos sinais de TV"},"content":{"rendered":"<p>Bras&iacute;lia &#8211; Come&ccedil;a hoje (17), em Genebra, na Su&iacute;&ccedil;a, a reuni&atilde;o promovida pela Organiza&ccedil;&atilde;o Mundial da Propriedade Intelectual (OMPI), ligada &agrave; Organiza&ccedil;&atilde;o das Na&ccedil;&otilde;es Unidas (ONU) para discutir um tratado internacional sobre sinais de radiodifus&atilde;o. O grupo pretende chegar a um consenso sobre formas de proteger pelo direito autoral das emissoras e dos autores do conte&uacute;do que circula nos sinais de r&aacute;dio e televis&atilde;o.<\/p>\n<p>Segundo o coordenador-geral de Direito Autorais do Minist&eacute;rio da Cultura, Marcos Alves de Souza, que participa da reuni&atilde;o, o Brasil quer propor id&eacute;ias que evitem a pirataria da radiodifus&atilde;o.<\/p>\n<p>&ldquo;Nos preocupamos que o tratado leve em considera&ccedil;&atilde;o o interesse p&uacute;blico, que n&atilde;o crie direitos que se sobrep&otilde;em aos direitos dos titulares das obras que s&atilde;o carregadas pelos sinais, que leve em considera&ccedil;&atilde;o a prote&ccedil;&atilde;o e a promo&ccedil;&atilde;o da diversidade cultural e que n&atilde;o crie direitos que propiciem a concorr&ecirc;ncia desleal&rdquo;, informou Souza.<\/p>\n<p>O coordenador do Minist&eacute;rio da Cultura disse que essa discuss&atilde;o j&aacute; se arrasta h&aacute; oito anos, principalmente por conta do veto que os Estados Unidos colocaram sobre o projeto. Durante uma assembl&eacute;ia geral da ONU, explicou, os EUA afirmaram que n&atilde;o queriam o tratado da forma como estava previsto e bloqueou a convoca&ccedil;&atilde;o da confer&ecirc;ncia diplom&aacute;tica que discutiria o assunto. Foi marcada uma reuni&atilde;o entre os pa&iacute;ses para tratar do assunto em novembro deste ano.<\/p>\n<p>&ldquo;Mas a confer&ecirc;ncia s&oacute; ser&aacute; convocada se houver um acordo nessa reuni&atilde;o em Genebra e na pr&oacute;xima que vamos tratar disso [em novembro]&rdquo;, ressaltou Souza. <\/p>\n","protected":false},"excerpt":{"rendered":"<p>Reuni\u00e3o promovida pela Organiza\u00e7\u00e3o Mundial da Propriedade Intelectual (OMPI), ligada \u00e0 Organiza\u00e7\u00e3o das Na\u00e7\u00f5es Unidas (ONU), discutiu um tratado internacional sobre sinais de radiodifus\u00e3o.<\/p>\n","protected":false},"author":1,"featured_media":0,"comment_status":"open","ping_status":"open","sticky":false,"template":"","format":"standard","meta":{"footnotes":""},"categories":[40],"tags":[60],"_links":{"self":[{"href":"https:\/\/obscom.intervozes.org.br\/index.php?rest_route=\/wp\/v2\/posts\/17965"}],"collection":[{"href":"https:\/\/obscom.intervozes.org.br\/index.php?rest_route=\/wp\/v2\/posts"}],"about":[{"href":"https:\/\/obscom.intervozes.org.br\/index.php?rest_route=\/wp\/v2\/types\/post"}],"author":[{"embeddable":true,"href":"https:\/\/obscom.intervozes.org.br\/index.php?rest_route=\/wp\/v2\/users\/1"}],"replies":[{"embeddable":true,"href":"https:\/\/obscom.intervozes.org.br\/index.php?rest_route=%2Fwp%2Fv2%2Fcomments&post=17965"}],"version-history":[{"count":0,"href":"https:\/\/obscom.intervozes.org.br\/index.php?rest_route=\/wp\/v2\/posts\/17965\/revisions"}],"wp:attachment":[{"href":"https:\/\/obscom.intervozes.org.br\/index.php?rest_route=%2Fwp%2Fv2%2Fmedia&parent=17965"}],"wp:term":[{"taxonomy":"category","embeddable":true,"href":"https:\/\/obscom.intervozes.org.br\/index.php?rest_route=%2Fwp%2Fv2%2Fcategories&post=17965"},{"taxonomy":"post_tag","embeddable":true,"href":"https:\/\/obscom.intervozes.org.br\/index.php?rest_route=%2Fwp%2Fv2%2Ftags&post=17965"}],"curies":[{"name":"wp","href":"https:\/\/api.w.org\/{rel}","templated":true}]}}