{"id":17960,"date":"2007-01-19T14:36:54","date_gmt":"2007-01-19T14:36:54","guid":{"rendered":"https:\/\/obscom.intervozes.org.br\/wordpress\/?p=17960"},"modified":"2007-01-19T14:36:54","modified_gmt":"2007-01-19T14:36:54","slug":"deputada-requer-conferencia-nacional-de-comunicacao","status":"publish","type":"post","link":"https:\/\/obscom.intervozes.org.br\/?p=17960","title":{"rendered":"Deputada requer Confer\u00eancia Nacional de Comunica\u00e7\u00e3o"},"content":{"rendered":"<p><font face=\"Arial\" size=\"2\">Uma demanda do setor de comunica&ccedil;&atilde;o, defendida pelo FNDC, poder&aacute; ser realizada em 2007. A I Confer&ecirc;ncia Nacional de Comunica&ccedil;&atilde;o &eacute; o espa&ccedil;o onde a sociedade civil e organiza&ccedil;&otilde;es do setor poder&atilde;o debater e elaborar pol&iacute;ticas p&uacute;blicas. Para essas delibera&ccedil;&otilde;es serem executadas, &eacute; necess&aacute;rio que ela seja convocada pelo Governo. A deputada Iriny Lopes (PT-ES) defendeu a id&eacute;ia em requerimento apresentado esta semana na C&acirc;mara Federal. <\/p>\n<p>A parlamentar entrou com um requerimento na C&acirc;mara dos Deputados para a realiza&ccedil;&atilde;o da Confer&ecirc;ncia, pela Comiss&atilde;o de Direitos Humanos e Minorias, em parceria com organiza&ccedil;&otilde;es da sociedade civil e governamentais. A finalidade, segundo o requerimento 56\/2006 &eacute; definir objetivos para o pleno exerc&iacute;cio do direito humano &agrave; comunica&ccedil;&atilde;o, &ldquo;entendido como o direito da pessoa se expressar, manifestando sua identidade civil, pol&iacute;tica, econ&ocirc;mica, social e cultural&quot;. <\/p>\n<p>A formula&ccedil;&atilde;o da Confer&ecirc;ncia da deputada vai ao encontro da proposta aprovada na XIII Plen&aacute;ria do FNDC, realizada em outubro de 2006. A exig&ecirc;ncia da realiza&ccedil;&atilde;o do evento consta igualmente no documento Propostas de Pol&iacute;ticas para a &aacute;rea das Comunica&ccedil;&otilde;es, enviado pelo Conselho Federal de Psicologia e pela Federa&ccedil;&atilde;o Nacional dos Jornalistas aos candidatos &agrave; Presid&ecirc;ncia da Rep&uacute;blica neste ano. <\/p>\n<p>O Direito Humano &agrave; Comunica&ccedil;&atilde;o ganhou relev&acirc;ncia especialmente a partir de 2005, na vis&atilde;o de Iriny, quando a Comiss&atilde;o de Direitos Humanos e Minorias da C&acirc;mara dos Deputados realizou o Encontro Nacional do Direito Humano &agrave; Comunica&ccedil;&atilde;o. &ldquo;O direito &agrave; comunica&ccedil;&atilde;o constitui-se em um direito cujo conte&uacute;do &eacute; destinado &agrave; coletividade. Nesse aspecto o direito &agrave; comunica&ccedil;&atilde;o, como direito social, determina-se pelo acesso &agrave; informa&ccedil;&atilde;o, ao conhecimento e aos meios de produ&ccedil;&atilde;o e veicula&ccedil;&atilde;o de id&eacute;ias mediante condi&ccedil;&otilde;es t&eacute;cnicas e materiais que permitam o exerc&iacute;cio pleno do seu direito de ter voz e de ser ouvido.&rdquo;<\/p>\n<p>Ainda de acordo com o requerimento, tornaram-se mais evidentes obst&aacute;culos ao exerc&iacute;cio da liberdade de express&atilde;o e de difus&atilde;o de informa&ccedil;&otilde;es &agrave; sociedade, relacionados &agrave; forte concentra&ccedil;&atilde;o da propriedade sobre os meios de comunica&ccedil;&atilde;o. &ldquo;Como espa&ccedil;o de poder e sociabilidade, a m&iacute;dia atua na forma&ccedil;&atilde;o da opini&atilde;o p&uacute;blica em rela&ccedil;&atilde;o a valores, cren&ccedil;as e atitudes. Por isso, seu potencial educativo &eacute; t&atilde;o forte quanto sua capacidade de difundir estere&oacute;tipos que negam as conquistas expressas na Declara&ccedil;&atilde;o Universal e na legisla&ccedil;&atilde;o em vigor.&rdquo;<\/p>\n<p><strong>Participantes da Confer&ecirc;ncia<\/strong><\/p>\n<p>Para a parlamentar, diferentes atores, direta ou indiretamente envolvidos nos processos de comunica&ccedil;&atilde;o social, devem participar da Confer&ecirc;ncia para estimular o debate e a proposi&ccedil;&atilde;o de pol&iacute;ticas p&uacute;blicas que assegurem a diversidade, a defesa e a promo&ccedil;&atilde;o dos direitos humanos, no sistema de comunica&ccedil;&atilde;o e informa&ccedil;&atilde;o. Devem fazer parte tamb&eacute;m diferentes setores do Estado, respons&aacute;veis por diferentes valores e segmentos do interesse p&uacute;blico, concession&aacute;rios de servi&ccedil;os de comunica&ccedil;&atilde;o, profissionais e anunciantes. <\/p>\n<p>A deputada defende tamb&eacute;m a participa&ccedil;&atilde;o da Comiss&atilde;o de Direitos Humanos e Minorias &ldquo;uma vez que tem contribu&iacute;do para que o direito de express&atilde;o e de acesso &agrave; informa&ccedil;&atilde;o esteja mais presente na consci&ecirc;ncia dos defensores dos direitos humanos&rdquo;. A CDMH tem debatido as r&aacute;dios comunit&aacute;rias e se envolvido com outras quest&otilde;es de comunica&ccedil;&atilde;o popular e p&uacute;blica, como a campanha Quem Financia a Baixaria &eacute; Contra a Cidadania, exemplo de conscientiza&ccedil;&atilde;o e mobiliza&ccedil;&atilde;o social nessa tem&aacute;tica. <\/font><\/p>\n","protected":false},"excerpt":{"rendered":"<p>Uma demanda do setor de comunica\u00e7\u00e3o poder\u00e1 ser realizada em 2007. A I Confer\u00eancia Nacional de Comunica\u00e7\u00e3o,espa\u00e7o onde a sociedade civil e organiza\u00e7\u00f5es do setor poder\u00e3o debater e elaborar pol\u00edticas p\u00fablica para o setor, foi defendida pela deputada Iriny Lopes (PT-ES).<\/p>\n","protected":false},"author":1,"featured_media":0,"comment_status":"open","ping_status":"open","sticky":false,"template":"","format":"standard","meta":{"footnotes":""},"categories":[40],"tags":[78],"_links":{"self":[{"href":"https:\/\/obscom.intervozes.org.br\/index.php?rest_route=\/wp\/v2\/posts\/17960"}],"collection":[{"href":"https:\/\/obscom.intervozes.org.br\/index.php?rest_route=\/wp\/v2\/posts"}],"about":[{"href":"https:\/\/obscom.intervozes.org.br\/index.php?rest_route=\/wp\/v2\/types\/post"}],"author":[{"embeddable":true,"href":"https:\/\/obscom.intervozes.org.br\/index.php?rest_route=\/wp\/v2\/users\/1"}],"replies":[{"embeddable":true,"href":"https:\/\/obscom.intervozes.org.br\/index.php?rest_route=%2Fwp%2Fv2%2Fcomments&post=17960"}],"version-history":[{"count":0,"href":"https:\/\/obscom.intervozes.org.br\/index.php?rest_route=\/wp\/v2\/posts\/17960\/revisions"}],"wp:attachment":[{"href":"https:\/\/obscom.intervozes.org.br\/index.php?rest_route=%2Fwp%2Fv2%2Fmedia&parent=17960"}],"wp:term":[{"taxonomy":"category","embeddable":true,"href":"https:\/\/obscom.intervozes.org.br\/index.php?rest_route=%2Fwp%2Fv2%2Fcategories&post=17960"},{"taxonomy":"post_tag","embeddable":true,"href":"https:\/\/obscom.intervozes.org.br\/index.php?rest_route=%2Fwp%2Fv2%2Ftags&post=17960"}],"curies":[{"name":"wp","href":"https:\/\/api.w.org\/{rel}","templated":true}]}}