{"id":17959,"date":"2007-01-18T19:07:00","date_gmt":"2007-01-18T19:07:00","guid":{"rendered":"https:\/\/obscom.intervozes.org.br\/wordpress\/?p=17959"},"modified":"2007-01-18T19:07:00","modified_gmt":"2007-01-18T19:07:00","slug":"prorrogado-prazo-para-habilitacao-de-radios-comunitarias-em-sp","status":"publish","type":"post","link":"https:\/\/obscom.intervozes.org.br\/?p=17959","title":{"rendered":"Prorrogado prazo para habilita\u00e7\u00e3o de r\u00e1dios comunit\u00e1rias em SP"},"content":{"rendered":"<p>Interessados em prestar servi&ccedil;os de radiodifus&atilde;o comunit&aacute;ria no munic&iacute;pio de S&atilde;o Paulo ter&atilde;o agora at&eacute; 8 de mar&ccedil;o para responder ao <a href=\"http:\/\/www.obore.com.br\/aconteceIntegra.asp?cd=1093\">Aviso de Habilita&ccedil;&atilde;o publicado dia 7 de dezembro<\/a> pelo Minist&eacute;rio das Comunica&ccedil;&otilde;es.<\/p>\n<p>O prazo legal encerrava-se no pr&oacute;ximo 21 de janeiro (45 dias ap&oacute;s a publica&ccedil;&atilde;o) mas a Defensoria P&uacute;blica de S&atilde;o Paulo e o Escrit&oacute;rio Modelo D. Paulo Evaristo Arns da Faculdade de Direito da PUC\/SP, em nome de todos os integrantes da 6&ordf; Mesa de Trabalho (veja rela&ccedil;&atilde;o abaixo), realizada ontem (15\/1)&nbsp;no Audit&oacute;rio Teot&ocirc;nio Vilela da Assembl&eacute;ia Legislativa de S&atilde;o Paulo,&nbsp;entregaram of&iacute;cio &agrave; representante do Minist&eacute;rio das Comunica&ccedil;&otilde;es propondo a prorroga&ccedil;&atilde;o do edital por mais 45 dias.<\/p>\n<p>Alexandra Luciana Costa,&nbsp;Coordenadora de Servi&ccedil;os de Radiodifus&atilde;o Comunit&aacute;ria&nbsp;da Secretaria de Servi&ccedil;os de Comunica&ccedil;&atilde;o Eletr&ocirc;nica do Minist&eacute;rio das Comunica&ccedil;&otilde;es,&nbsp;comprometeu-se a encaminhar o requerimento diretamente ao gabinete do Ministro: &quot;Essa &eacute; uma quest&atilde;o que est&aacute; posta, os argumentos apresentados t&ecirc;m sentido e o prazo dever&aacute; ser prorrogado, conforme&nbsp; prev&ecirc; a lei. &Eacute; importante que a sociedade tenha tempo e meios para se mobilizar&quot;, avaliou a representante do Governo Federal.<\/p>\n<p>O pedido de prorroga&ccedil;&atilde;o se deu em raz&atilde;o das dificuldades enfrentadas pelas&nbsp;associa&ccedil;&otilde;es&nbsp;em conseguir toda a documenta&ccedil;&atilde;o exigida pelo MInist&eacute;rio, sobretudo registro de estatuto , obten&ccedil;&atilde;o do CNPJ &ndash; Cadastro Nacional de Pessoa Jur&iacute;dica, preenchimento dos formul&aacute;rios com&nbsp; coordenadas geogr&aacute;ficas precisas e pagamento das taxas no Banco do Brasil.&nbsp;<\/p>\n<p>Al&eacute;m disso, nenhum grande jornal de S&atilde;o Paulo, revista semanal ou emissora de r&aacute;dio fez qualquer registro sobre este Aviso de Habilita&ccedil;&atilde;o, os prazos-limite e o in&eacute;dito&nbsp;Mutir&atilde;o Jur&iacute;dico coordenado pela Defensoria, Escrit&oacute;rio D. Paulo, Associa&ccedil;&atilde;o dos Cart&oacute;rios, Centro Acad&ecirc;mico XXII de Agosto da PUC e Escrit&oacute;rio Paulista da AMARC &ndash; Associa&ccedil;&atilde;o Mundial de R&aacute;dios Comunit&aacute;rias para ajudar no preparo e encaminhamento da papelada: &quot;Isso impediu a participa&ccedil;&atilde;o de muita gente interessada. O novo prazo permitir&aacute;&nbsp;que mais entidades atendam ao chamamento&quot;, afirmou Renata Tibiyri&ccedil;a, Defensora P&uacute;blica de S&atilde;o Paulo.&nbsp;<\/p>\n<p>Balan&ccedil;o &ndash;&nbsp; Coordenada pelos gabinetes dos Deputados Sim&atilde;o Pedro (Presidente da Frente Parlamentar em Defesa das R&aacute;dios Comunit&aacute;rias) e Carlos Neder (autor de diversas leis pela democratiza&ccedil;&atilde;o da comunica&ccedil;&atilde;o), a 6&ordf; Mesa come&ccedil;ou fazendo um balan&ccedil;o do trabalho realizado desde o dia 8 de dezembro, quando aconteceu a <a href=\"http:\/\/www.obore.com.br\/aconteceIntegra.asp?cd=1094\">5&ordf; Mesa de Trabalho<\/a>.<\/p>\n<p>O Mutir&atilde;o Jur&iacute;dico prestou 41 atendimentos presenciais e atendeu centenas de liga&ccedil;&otilde;es telef&ocirc;nicas.&nbsp;<\/p>\n<p>Os sites de muitas entidades signat&aacute;rias do <a href=\"http:\/\/www.obore.com.br\/aconteceIntegra.asp?cd=1105\">Manifesto Compromisso de Honra<\/a> divulgaram o Aviso e anunciaram a realiza&ccedil;&atilde;o da 6&ordf; Mesa.<\/p>\n<p>O Sub-prefeito de Itaim Paulista, Dr. Di&oacute;genes Sandim Martins, veterano lutador das causas democr&aacute;ticas em S&atilde;o Paulo, decidiu aderir &agrave; Mesa de Trabalho, patrocinar um grande encontro popular sobre o assunto na sua circunscri&ccedil;&atilde;o e&nbsp;emprestar alguns de seus&nbsp;aparelhos de GPS ao Escrit&oacute;rio Paulista da AMARC para que se apure corretamente latitude e longitude de todas as associa&ccedil;&otilde;es de radiodifus&atilde;o comunit&aacute;ria da cidade.<\/p>\n<p>Para tratar dessas quest&otilde;es, credenciou seus assessores Armando Prado e Sandro Ivo que compareceram &agrave; reuni&atilde;o da Assembl&eacute;ia Legislativa.&nbsp;<\/p>\n<p>Arlindo Marques da Silva Junior, consultor na &aacute;rea de telecomunica&ccedil;&otilde;es, integrou-se a Mesa de Trabalho, assumiu o compromisso de reunir-se com o Dr. Di&oacute;genes e o Escrit&oacute;rio da AMARC,&nbsp; visitar&aacute; algumas associa&ccedil;&otilde;es, capacitar&aacute; um grupo de estudantes de engenharia para manusear os GPSs e ajudar&aacute; na montagem de uma equipe de engenheiros de alto n&iacute;vel para que prestem toda a assessoria t&eacute;cnica necess&aacute;ria ao movimento.<\/p>\n<p>Desde a publica&ccedil;&atilde;o do Aviso, dia 7 de dezembro de 2006, o Minist&eacute;rio das Comunica&ccedil;&otilde;es contabilizou 95 solicita&ccedil;&otilde;es para habilita&ccedil;&atilde;o <a href=\"http:\/\/www.obore.com.br\/aconteceIntegra.asp?cd=1066\">mediante suas reafirma&ccedil;&otilde;es de interesse<\/a> em resposta &agrave;s <a href=\"http:\/\/www.obore.com\/utilitarios\/editor2.0\/UserFiles\/File\/Ministrio%20das%20Comunicaes.pdf\">correspond&ecirc;ncias oficiais encaminhadas no dia 19\/10<\/a>. Destas,&nbsp;apenas 5&nbsp; j&aacute; tiveram seus documentos recebidos junto ao Minist&eacute;rio das Comunica&ccedil;&otilde;es, considerando-se a data de 15\/01\/2006:&nbsp;&quot;Nossa experi&ecirc;ncia comprova que as associa&ccedil;&otilde;es costumam enviar os documentos nos &uacute;ltimos dias dos prazos. &Eacute; muito prov&aacute;vel, portanto,&nbsp;que esse n&uacute;mero aumente nas pr&oacute;ximas semanas&rdquo;, explicou Alexandra Costa.<\/p>\n<p>&quot;A prioridade, a partir de hoje, &eacute; fazer com que os grandes ve&iacute;culos de comunica&ccedil;&atilde;o tamb&eacute;m noticiem esse processo, refor&ccedil;ar o Mutir&atilde;o Jur&iacute;dico e garantir que os profissionais da&nbsp; engenharia tenham os meios indispens&aacute;veis para um desempenho de alta qualidade&quot;, declarou o jornalista Sergio Gomes, diretor da OBOR&Eacute; \/ Escrit&oacute;rio da AMARC.&nbsp;<\/p>\n<p>Ap&oacute;s o dia 8 de mar&ccedil;o, quando encerrar o novo prazo previsto pelo Aviso, o Minist&eacute;rio dever&aacute; publicar um mapa com a localiza&ccedil;&atilde;o das associa&ccedil;&otilde;es que pleitearam habilita&ccedil;&atilde;o, o que abrir&aacute; a possibilidade de pronunciamento da sociedade sobre o car&aacute;ter comunit&aacute;rio das associa&ccedil;&otilde;es concorrentes&nbsp;e a articula&ccedil;&atilde;o de um verdadeiro Plano Diretor de Radiodifus&atilde;o Comunit&aacute;ria contemplando o maior n&uacute;mero poss&iacute;vel de emissoras: &quot;Da&iacute; a import&acirc;ncia de que os campos com as coordenadas geogr&aacute;ficas da r&aacute;dio sejam corretamente preenchidos, desde j&aacute;, para que se evite localiza&ccedil;&atilde;o imprecisa e, com isso, desorientar os t&eacute;cnicos do Minist&eacute;rio das Comunica&ccedil;&otilde;es que poderiam enxergar sobreposi&ccedil;&atilde;o de &aacute;reas de alcance onde, na verdade, haveria complementaridade&quot;, alertou Arlindo Marques J&uacute;nior.&nbsp;<\/p>\n<p><strong>Encaminhamentos<\/strong> &ndash; A 7&ordf; Mesa de Trabalho com o Minist&eacute;rio das Comunica&ccedil;&otilde;es sobre o Aviso de Habilita&ccedil;&atilde;o para as R&aacute;dios Comunit&aacute;rias da Capital de S&atilde;o Paulo acontecer&aacute; &agrave;s 10 da manh&atilde; do dia 9 de fevereiro ( sexta-feira )&nbsp;no mesmo audit&oacute;rio Teot&ocirc;nio Vilela da Assembl&eacute;ia Legislativa de S&atilde;o Paulo, em frente ao Parque do Ibirapuera: &quot;At&eacute; l&aacute;, &eacute; muito&nbsp; importante que todas as entidades representativas das R&aacute;dios Comunit&aacute;rias &#8211; ABRA&Ccedil;O, F&oacute;rum Democracia na Comunica&ccedil;&atilde;o , SINERC e ANCARC &ndash; avisem seus associados sobre os novos prazos&rdquo;, destacou Sergio Gomes.&nbsp;<\/p>\n<p>O Canal Comunit&aacute;rio de S&atilde;o Paulo \/ TV Aberta e o Canal Universit&aacute;rio&nbsp; (USP, PUC, Mackenzie, Unisa, Unicsul, Uniban, Unifesp, Unip, S&atilde;o Judas) exibir&atilde;o vinhetas com o convite para a 7&ordf; Mesa.<\/p>\n<p>De acordo com decis&atilde;o do Diretor da&nbsp; TV Assembl&eacute;ia, jornalista Florestan Fernandes Junior, o canal exibir&aacute;, na &iacute;ntegra, a cobertura do encontro do dia 15 de janeiro e pautar&aacute; o&nbsp;tema&nbsp;em um dos pr&oacute;ximos programas 4&ordm; Poder.<\/p>\n<p>Interessados em responder ao Aviso de Habilita&ccedil;&atilde;o poder&atilde;o entrar em contato para agendar um hor&aacute;rio de atendimento:<\/p>\n<p align=\"left\"><strong>Escrit&oacute;rio Modelo Dom Paulo Evaristo Arns:<\/strong> 2&ordf; a 6&ordf;feira, das 9h &agrave;s 18h. Atendimento do Mutir&atilde;o Jur&iacute;dico, das 13h30 &agrave;s 17h. Os interessados podem falar com Mara, Cl&aacute;udia, J&uacute;lia ou Renata. &Eacute; necess&aacute;rio agendar hor&aacute;rio por telefone. Rua Jo&atilde;o Ramalho, 295 &ndash; Perdizes. Telefones: 3872-6992 ou 3873-3200.<\/p>\n<p><strong>Defensoria P&uacute;blica:<\/strong> 2&ordf; a 6&ordf;feira, das 10h &agrave;s 18h. Ligar para agendar hor&aacute;rio de atendimento com Renata Flores Tibyri&ccedil;&aacute; ou Bruno Lupion. Telefone: 3104-7152.&nbsp; Av. Liberdade, 32 &ndash; 1&ordm; andar (Pr&oacute;ximo &agrave; Esta&ccedil;&atilde;o S&eacute; do Metr&ocirc;).<\/p>\n<p><strong>OBOR&Eacute; \/ Escrit&oacute;rio Paulista da AMARC:<\/strong> 2&ordf; a 6&ordf; feira, das&nbsp; 8h30 &agrave;s 20 horas. Atendimento do Mutir&atilde;o com Cristina Cavalcanti pelo 3214.3766 ramal 214 ou atrav&eacute;s dos emails <a href=\"mailto:cristina@obore.com\">cristina@obore.com<\/a>&nbsp; e <a href=\"mailto:amarcsp@obore.com.\">amarcsp@obore.com.<\/a>&nbsp;Rua Rego Freitas, 454 &ndash; 8&ordm;andar &ndash; Vila Buarque, pr&oacute;ximo &agrave; Igreja da Consola&ccedil;&atilde;o e da esta&ccedil;&atilde;o Rep&uacute;blica do Metr&ocirc;.<\/p>\n<p align=\"left\">&nbsp;<img loading=\"lazy\" decoding=\"async\" style=\"width: 44px; height: 36px\" src=\"images\/stories\/copyleft.jpg\" alt=\"Sample Image\" width=\"44\" height=\"36\" \/><\/p>\n<p align=\"left\">&nbsp;<\/p>\n","protected":false},"excerpt":{"rendered":"<p>Interessados em prestar servi&ccedil;os de radiodifus&atilde;o comunit&aacute;ria no munic&iacute;pio de S&atilde;o Paulo ter&atilde;o agora at&eacute; 8 de mar&ccedil;o para responder ao Aviso de Habilita&ccedil;&atilde;o publicado dia 7 de dezembro pelo Minist&eacute;rio das Comunica&ccedil;&otilde;es. O prazo legal encerrava-se no pr&oacute;ximo 21 de janeiro (45 dias ap&oacute;s a publica&ccedil;&atilde;o) mas a Defensoria P&uacute;blica de S&atilde;o Paulo e &hellip; <a href=\"https:\/\/obscom.intervozes.org.br\/?p=17959\" class=\"more-link\">Continue lendo <span class=\"screen-reader-text\">Prorrogado prazo para habilita\u00e7\u00e3o de r\u00e1dios comunit\u00e1rias em SP<\/span> <span class=\"meta-nav\">&rarr;<\/span><\/a><\/p>\n","protected":false},"author":1,"featured_media":0,"comment_status":"open","ping_status":"open","sticky":false,"template":"","format":"standard","meta":{"footnotes":""},"categories":[40],"tags":[77],"_links":{"self":[{"href":"https:\/\/obscom.intervozes.org.br\/index.php?rest_route=\/wp\/v2\/posts\/17959"}],"collection":[{"href":"https:\/\/obscom.intervozes.org.br\/index.php?rest_route=\/wp\/v2\/posts"}],"about":[{"href":"https:\/\/obscom.intervozes.org.br\/index.php?rest_route=\/wp\/v2\/types\/post"}],"author":[{"embeddable":true,"href":"https:\/\/obscom.intervozes.org.br\/index.php?rest_route=\/wp\/v2\/users\/1"}],"replies":[{"embeddable":true,"href":"https:\/\/obscom.intervozes.org.br\/index.php?rest_route=%2Fwp%2Fv2%2Fcomments&post=17959"}],"version-history":[{"count":0,"href":"https:\/\/obscom.intervozes.org.br\/index.php?rest_route=\/wp\/v2\/posts\/17959\/revisions"}],"wp:attachment":[{"href":"https:\/\/obscom.intervozes.org.br\/index.php?rest_route=%2Fwp%2Fv2%2Fmedia&parent=17959"}],"wp:term":[{"taxonomy":"category","embeddable":true,"href":"https:\/\/obscom.intervozes.org.br\/index.php?rest_route=%2Fwp%2Fv2%2Fcategories&post=17959"},{"taxonomy":"post_tag","embeddable":true,"href":"https:\/\/obscom.intervozes.org.br\/index.php?rest_route=%2Fwp%2Fv2%2Ftags&post=17959"}],"curies":[{"name":"wp","href":"https:\/\/api.w.org\/{rel}","templated":true}]}}