{"id":17953,"date":"2007-01-17T14:52:09","date_gmt":"2007-01-17T14:52:09","guid":{"rendered":"https:\/\/obscom.intervozes.org.br\/wordpress\/?p=17953"},"modified":"2007-01-17T14:52:09","modified_gmt":"2007-01-17T14:52:09","slug":"capes-promove-reuniao-que-discute-formacao-de-recursos-humanos-para-o-sbtvd","status":"publish","type":"post","link":"https:\/\/obscom.intervozes.org.br\/?p=17953","title":{"rendered":"Capes promove reuni\u00e3o que discute forma\u00e7\u00e3o de recursos humanos para o SBTVD"},"content":{"rendered":"<p>No dia 10, a Coordena&ccedil;&atilde;o de Aperfei&ccedil;oamento de Pessoal de N&iacute;vel Superior (Capes) promoveu, em Bras&iacute;lia, uma reuni&atilde;o para discutir estrat&eacute;gias e mecanismos para a forma&ccedil;&atilde;o de profissionais qualificados para atuarem na implanta&ccedil;&atilde;o do Sistema Brasileiro de TV Digital (SBTVD). O encontro contou com a participa&ccedil;&atilde;o de engenheiros, representantes dos minist&eacute;rios da Educa&ccedil;&atilde;o e da Ci&ecirc;ncia e Tecnologia e de outras institui&ccedil;&otilde;es. <\/p>\n<p>Na ocasi&atilde;o, foram estabelecidas as diretrizes para a cria&ccedil;&atilde;o do Programa de Forma&ccedil;&atilde;o de Recursos Humanos para a TV digital no Brasil. &ldquo;Hoje, temos profissionais qualificados no sistema de p&oacute;s-gradua&ccedil;&atilde;o, mas &eacute; necess&aacute;rio multiplicar esse conhecimento e formar profissionais capacitados para dar suporte &agrave;s empresas quando o modelo digital entrar em funcionamento&rdquo;, afirmou Jorge Guimar&atilde;es, presidente da Capes, em not&iacute;cia divulgada pela institui&ccedil;&atilde;o. <\/p>\n<p>Ele ainda informou que a Coordena&ccedil;&atilde;o promover&aacute; cursos de p&oacute;s-gradua&ccedil;&atilde;o para que existam profissionais e pesquisadores preparados para atuar nas diversas tecnologias que o modelo digital utiliza, como engenharia de computa&ccedil;&atilde;o, microeletr&ocirc;nica, nanotecnologia, entre outros. Segundo Guimar&atilde;es, o programa ter&aacute; v&aacute;rias iniciativas de curto e m&eacute;dio prazos, como a estrutura&ccedil;&atilde;o de cursos no Brasil, a cria&ccedil;&atilde;o de um observat&oacute;rio da TV digital e o envio de t&eacute;cnicos, bachar&eacute;is e engenheiros para o Jap&atilde;o e outros pa&iacute;ses. <\/p>\n<p>De acordo com a Capes, at&eacute; o fim do m&ecirc;s de janeiro, dever&aacute; ser realizada uma reuni&atilde;o com o embaixador brasileiro no Jap&atilde;o, Andr&eacute; Amado, para discutir quest&otilde;es fundamentais sobre o padr&atilde;o japon&ecirc;s de TV digital, que foi escolhido como base para o SBTVD. Durante o encontro, tamb&eacute;m ser&atilde;o discutidas as oportunidades e possibilidades de coopera&ccedil;&atilde;o entre os dois pa&iacute;ses nessa &aacute;rea. <\/p>\n<p>Para saber mais sobre a Capes, acesse o site <a href=\"http:\/\/www.capes.gov.br\/\">www.capes.gov.br<\/a>. <\/p>\n","protected":false},"excerpt":{"rendered":"<p>No dia 10, a Coordena&ccedil;&atilde;o de Aperfei&ccedil;oamento de Pessoal de N&iacute;vel Superior (Capes) promoveu, em Bras&iacute;lia, uma reuni&atilde;o para discutir estrat&eacute;gias e mecanismos para a forma&ccedil;&atilde;o de profissionais qualificados para atuarem na implanta&ccedil;&atilde;o do Sistema Brasileiro de TV Digital (SBTVD). O encontro contou com a participa&ccedil;&atilde;o de engenheiros, representantes dos minist&eacute;rios da Educa&ccedil;&atilde;o e da &hellip; <a href=\"https:\/\/obscom.intervozes.org.br\/?p=17953\" class=\"more-link\">Continue lendo <span class=\"screen-reader-text\">Capes promove reuni\u00e3o que discute forma\u00e7\u00e3o de recursos humanos para o SBTVD<\/span> <span class=\"meta-nav\">&rarr;<\/span><\/a><\/p>\n","protected":false},"author":1,"featured_media":0,"comment_status":"open","ping_status":"open","sticky":false,"template":"","format":"standard","meta":{"footnotes":""},"categories":[40],"tags":[71],"_links":{"self":[{"href":"https:\/\/obscom.intervozes.org.br\/index.php?rest_route=\/wp\/v2\/posts\/17953"}],"collection":[{"href":"https:\/\/obscom.intervozes.org.br\/index.php?rest_route=\/wp\/v2\/posts"}],"about":[{"href":"https:\/\/obscom.intervozes.org.br\/index.php?rest_route=\/wp\/v2\/types\/post"}],"author":[{"embeddable":true,"href":"https:\/\/obscom.intervozes.org.br\/index.php?rest_route=\/wp\/v2\/users\/1"}],"replies":[{"embeddable":true,"href":"https:\/\/obscom.intervozes.org.br\/index.php?rest_route=%2Fwp%2Fv2%2Fcomments&post=17953"}],"version-history":[{"count":0,"href":"https:\/\/obscom.intervozes.org.br\/index.php?rest_route=\/wp\/v2\/posts\/17953\/revisions"}],"wp:attachment":[{"href":"https:\/\/obscom.intervozes.org.br\/index.php?rest_route=%2Fwp%2Fv2%2Fmedia&parent=17953"}],"wp:term":[{"taxonomy":"category","embeddable":true,"href":"https:\/\/obscom.intervozes.org.br\/index.php?rest_route=%2Fwp%2Fv2%2Fcategories&post=17953"},{"taxonomy":"post_tag","embeddable":true,"href":"https:\/\/obscom.intervozes.org.br\/index.php?rest_route=%2Fwp%2Fv2%2Ftags&post=17953"}],"curies":[{"name":"wp","href":"https:\/\/api.w.org\/{rel}","templated":true}]}}