{"id":17943,"date":"2007-01-16T17:47:06","date_gmt":"2007-01-16T17:47:06","guid":{"rendered":"https:\/\/obscom.intervozes.org.br\/wordpress\/?p=17943"},"modified":"2007-01-16T17:47:06","modified_gmt":"2007-01-16T17:47:06","slug":"ministerio-publico-e-netacordo-para-digitalizacao-de-canais-gratuitos","status":"publish","type":"post","link":"https:\/\/obscom.intervozes.org.br\/?p=17943","title":{"rendered":"Minist\u00e9rio P\u00fablico e NET:acordo para digitaliza\u00e7\u00e3o de canais gratuitos"},"content":{"rendered":"<p><span><\/span><span>O Minist&eacute;rio P&uacute;blico Federal, por meio da Procuradoria Regional dos Direitos <\/span><span>do Cidad&atilde;o no Estado de S&atilde;o Paulo, e a Anatel preparam o texto final de um <\/span><span>Termo de Ajustamento de Conduta (TAC) para ser firmado com a NET Servi&ccedil;os e <\/span><span>por meio do qual a empresa deve se comprometer a concluir a digitaliza&ccedil;&atilde;o, o <\/span><span>mais r&aacute;pido poss&iacute;vel, dos canais b&aacute;sicos de utiliza&ccedil;&atilde;o gratuita (como os <\/span><span>canais comunit&aacute;rios e TVs do Legislativo e Judici&aacute;rio) em S&atilde;o Paulo, Rio de <\/span><span>Janeiro e Porto Alegre.&nbsp;<\/span><span>&nbsp;<\/span><\/p>\n<p><span>Desde que a NET iniciou, em 2006, a digitaliza&ccedil;&atilde;o de suas opera&ccedil;&otilde;es naquelas <\/span><span>cidades,&nbsp; os clientes da operadora ficaram obrigados a guardar na mem&oacute;ria os <\/span><span>passos que precisam ser dados para assistir aos canais obrigat&oacute;rios. <\/span><span>&nbsp;<\/span><span>A NET optou por migrar para a tecnologia digital primeiro os canais <\/span><span>comerciais n&atilde;o obrigat&oacute;rios. <\/span><\/p>\n<p><span>Com isso, os obrigat&oacute;rios ficaram dispon&iacute;veis <\/span><span>apenas por meio da transmiss&atilde;o anal&oacute;gica. Para ter acesso a eles, o usu&aacute;rio <\/span><span>precisa fazer a sintonia por meio do controle remoto da pr&oacute;pria TV e n&atilde;o no <\/span><span>controle da TV a cabo.<\/span><span>&nbsp;<\/span><span>Por enquanto, n&atilde;o h&aacute; previs&atilde;o certa de quando o troca-troca de controle <\/span><span>remoto ir&aacute; acabar. A Anatel j&aacute; tem pronta&nbsp; uma proposta de TAC, mas aguarda <\/span><span>sinaliza&ccedil;&atilde;o do procurador dos Direitos do Cidad&atilde;o, S&eacute;rgio Suiama, que cuida <\/span><span>do caso em S&atilde;o Paulo. A assessoria do procurador informou que ele j&aacute; voltou <\/span><span>do recesso e trabalha na proposta, mas n&atilde;o quis precisar quando o termo <\/span><span>poder&aacute; ser firmado.<\/span><span>&nbsp;<\/span><\/p>\n<p><span>Segundo Paulo Miranda, secret&aacute;rio-executivo da ABCCOM (Associa&ccedil;&atilde;o Brasileira <\/span><span>de Canais Comunit&aacute;rios), em encontros realizados com o procurador S&eacute;rgio <\/span><span>Suiama, houve um acerto pr&eacute;vio de que a digitaliza&ccedil;&atilde;o dos canais <\/span><span>obrigat&oacute;rios estaria conclu&iacute;da em Porto Alegre em maio de 2007, a partir de <\/span><span>julho no Rio de Janeiro e, em S&atilde;o Paulo, entre outubro e novembro.<\/span><span>&nbsp;<\/span><\/p>\n<p><span><strong>Representa&ccedil;&atilde;o <\/strong><\/span><span>&nbsp;<\/span><span>A ABCCOM foi uma das signat&aacute;rias, juntamente com a Intervozes &#8211; Coletivo <\/span><span>Brasil de Comunica&ccedil;&atilde;o Social, o FNDC (F&oacute;rum Nacional pela Democratiza&ccedil;&atilde;o da <\/span><span>Comunica&ccedil;&atilde;o) e outras entidades de representa&ccedil;&atilde;o enviada ao Minist&eacute;rio <\/span><span>P&uacute;blico de S&atilde;o Paulo, em junho do ano passado, contra a NET pela exclus&atilde;o <\/span><span>dos canais obrigat&oacute;rios na transmiss&atilde;o digital. <\/span><span>&nbsp;<\/span><span>As entidades argumentaram que a NET estaria &quot;afrontando&quot; a Lei do Cabo, que <\/span><span>determina a transmiss&atilde;o dos canais b&aacute;sicos, e tamb&eacute;m o direito do <\/span><span>consumidor, especialmente pela falta de isonomia da condi&ccedil;&atilde;o de acesso a&nbsp; <\/span><span>odos os canais dispon&iacute;veis.<\/span><span>&nbsp;<\/span> <\/p>\n<p style=\"margin: 0cm 0cm 0pt\" class=\"MsoNormal\"><span>Em resposta ao Minist&eacute;rio P&uacute;blico, A NET argumentou que a Lei do Cabo n&atilde;o <\/span><span>especifica a tecnologia atrav&eacute;s da qual devem ser transmitidos os canais <\/span><span>b&aacute;sicos de utiliza&ccedil;&atilde;o gratuita, somente determina que a operadora torne os <\/span><span>canais dispon&iacute;veis aos assinantes e isso a empresa vem fazendo.&nbsp;<\/span><\/p>\n<p style=\"margin: 0cm 0cm 0pt\" class=\"MsoNormal\">&nbsp;<\/p>\n<p><span>Procuradora pelo Tele.S&iacute;ntese, a NET respondeu, por meio de sua assessoria, <\/span><span>que a transmiss&atilde;o pela tecnologia anal&oacute;gica &eacute; transit&oacute;ria e est&aacute; de acordo <\/span><span>com as determina&ccedil;&otilde;es da Lei do Cabo e da Anatel. <\/span><span>&nbsp;<\/span><span>&quot;Nesse momento, a Net Servi&ccedil;os trabalha para formalizar um acordo com os <\/span><span>canais obrigat&oacute;rios e posterior anu&ecirc;ncia da Anatel, como objetivo de <\/span><span>antecipar o lan&ccedil;amento dos canais obrigat&oacute;rios na plataforma digital no <\/span><span>menor espa&ccedil;o de tempo poss&iacute;vel&quot;, disse a empresa. <\/span><\/p>\n<p><span><strong>Compensa&ccedil;&otilde;es<\/strong><\/span><span>&nbsp;<\/span> <\/p>\n<p style=\"margin: 0cm 0cm 0pt\" class=\"MsoNormal\"><span>Miranda afirma que as associa&ccedil;&otilde;es querem incluir outros itens no termo de <\/span>compromisso a ser assinado com a NET. Entre eles, que a operadora se comprometa a conceder dois pontos gratuitos a cada canal comunit&aacute;rio para que as TVs comunit&aacute;rias possam acompanhar se a operadora veicula o que &eacute; produzido. Hoje, para fazer esse acompanhamento, as TVs comunit&aacute;rias precisam ser assinantes da NET. &quot;N&atilde;o estamos sendo prejudicados? Ent&atilde;o queremos compensa&ccedil;&otilde;es nesse acordo&quot;, alega Miranda.&nbsp;&nbsp;<\/p>\n<p style=\"margin: 0cm 0cm 0pt\" class=\"MsoNormal\">&nbsp;<\/p>\n<p>A Intervozes, entretanto, n&atilde;o ir&aacute; referendar o TAC. &quot;N&atilde;o vamos assinar porque &eacute; aceitar uma morat&oacute;ria flagrante. Do ponto de vista pr&aacute;tico, esses canais est&atilde;o fora do ar&quot;, protesta Diogo Moyses, representante da entidade. De acordo com ele, as outras associa&ccedil;&otilde;es tendem a aceitar a proposta do Minist&eacute;rio P&uacute;blico porque acreditam que se forem pela via judicial ficar&atilde;o <span>mais tempo ainda fora do ar.<\/span><\/p>\n","protected":false},"excerpt":{"rendered":"<p>O Minist&eacute;rio P&uacute;blico Federal, por meio da Procuradoria Regional dos Direitos do Cidad&atilde;o no Estado de S&atilde;o Paulo, e a Anatel preparam o texto final de um Termo de Ajustamento de Conduta (TAC) para ser firmado com a NET Servi&ccedil;os e por meio do qual a empresa deve se comprometer a concluir a digitaliza&ccedil;&atilde;o, o &hellip; <a href=\"https:\/\/obscom.intervozes.org.br\/?p=17943\" class=\"more-link\">Continue lendo <span class=\"screen-reader-text\">Minist\u00e9rio P\u00fablico e NET:acordo para digitaliza\u00e7\u00e3o de canais gratuitos<\/span> <span class=\"meta-nav\">&rarr;<\/span><\/a><\/p>\n","protected":false},"author":1,"featured_media":0,"comment_status":"open","ping_status":"open","sticky":false,"template":"","format":"standard","meta":{"footnotes":""},"categories":[40],"tags":[67],"_links":{"self":[{"href":"https:\/\/obscom.intervozes.org.br\/index.php?rest_route=\/wp\/v2\/posts\/17943"}],"collection":[{"href":"https:\/\/obscom.intervozes.org.br\/index.php?rest_route=\/wp\/v2\/posts"}],"about":[{"href":"https:\/\/obscom.intervozes.org.br\/index.php?rest_route=\/wp\/v2\/types\/post"}],"author":[{"embeddable":true,"href":"https:\/\/obscom.intervozes.org.br\/index.php?rest_route=\/wp\/v2\/users\/1"}],"replies":[{"embeddable":true,"href":"https:\/\/obscom.intervozes.org.br\/index.php?rest_route=%2Fwp%2Fv2%2Fcomments&post=17943"}],"version-history":[{"count":0,"href":"https:\/\/obscom.intervozes.org.br\/index.php?rest_route=\/wp\/v2\/posts\/17943\/revisions"}],"wp:attachment":[{"href":"https:\/\/obscom.intervozes.org.br\/index.php?rest_route=%2Fwp%2Fv2%2Fmedia&parent=17943"}],"wp:term":[{"taxonomy":"category","embeddable":true,"href":"https:\/\/obscom.intervozes.org.br\/index.php?rest_route=%2Fwp%2Fv2%2Fcategories&post=17943"},{"taxonomy":"post_tag","embeddable":true,"href":"https:\/\/obscom.intervozes.org.br\/index.php?rest_route=%2Fwp%2Fv2%2Ftags&post=17943"}],"curies":[{"name":"wp","href":"https:\/\/api.w.org\/{rel}","templated":true}]}}