{"id":17940,"date":"2007-01-15T18:52:18","date_gmt":"2007-01-15T18:52:18","guid":{"rendered":"https:\/\/obscom.intervozes.org.br\/wordpress\/?p=17940"},"modified":"2007-01-15T18:52:18","modified_gmt":"2007-01-15T18:52:18","slug":"defensoria-publica-faz-mutirao-em-sao-paulo","status":"publish","type":"post","link":"https:\/\/obscom.intervozes.org.br\/?p=17940","title":{"rendered":"Defensoria P\u00fablica faz mutir\u00e3o em S\u00e3o Paulo"},"content":{"rendered":"<p><span>Quarenta e um atendimentos a r&aacute;dios comunit&aacute;rias. Este &eacute; o balan&ccedil;o final do mutir&atilde;o, realizado nos dias 11, 12, 18 e 19\/12 na Defensoria P&uacute;blica, para orientar associa&ccedil;&otilde;es comunit&aacute;rias interessadas.<\/span><span>&nbsp;<\/span><span>O Minist&eacute;rio das Comunica&ccedil;&otilde;es (MC) publicou, no in&iacute;cio de dezembro, o aviso de habilita&ccedil;&atilde;o para a cidade de S&atilde;o Paulo. O aviso &eacute; a primeira etapa para a regulariza&ccedil;&atilde;o, e desde ent&atilde;o corre o prazo de 45 dias para as entidades enviarem a documenta&ccedil;&atilde;o necess&aacute;ria &agrave; Bras&iacute;lia. &Eacute; o primeiro publicado para a cidade de S&atilde;o Paulo, uma das &uacute;ltimas capitais do pa&iacute;s que ainda n&atilde;o regularizou seu servi&ccedil;o de radiodifus&atilde;o comunit&aacute;ria.<\/span><span>&nbsp;<\/span><\/p>\n<p><span>Participaram da iniciativa a Defensoria P&uacute;blica, o Escrit&oacute;rio Modelo Dom Paulo Evaristo Arns &#8211; PUC\/SP, a AnoregSP (Associa&ccedil;&atilde;o dos Not&aacute;rios e Registradores do Estado de S&atilde;o Paulo) e a Associa&ccedil;&atilde;o Mundial de R&aacute;dios Comunit&aacute;rias.<\/span><span>&nbsp;<\/span><\/p>\n<p><span>Segundo Renata Tibyri&ccedil;&aacute;, defensora p&uacute;blica respons&aacute;vel pelo mutir&atilde;o, as d&uacute;vidas se referiam &agrave; documenta&ccedil;&atilde;o exigida pelo Minist&eacute;rio, principalmente, &agrave; adequa&ccedil;&atilde;o dos estatutos ao Novo C&oacute;digo Civil e &agrave; Lei da Radiodifus&atilde;o Comunit&aacute;ria (9.612\/98) e aos manifestos de apoio.<\/span><span>&nbsp;<\/span><\/p>\n<p><span>A orienta&ccedil;&atilde;o jur&iacute;dica &agrave;s r&aacute;dios continua, mas agora com hora marcada. Para agendar orienta&ccedil;&atilde;o na Defensoria P&uacute;blica, os interessados devem ligar para (11) 3104-7152 e entrar em contato com a defensora Renata ou com Bruno. O hor&aacute;rio de atendimento na Defensoria vai das 10hs &agrave;s 18hs de segunda &agrave; sexta, exceto feriados.&nbsp;<\/span><span>&nbsp;<\/span><\/p>\n<p><span>Para agendar orienta&ccedil;&atilde;o no Escrit&oacute;rio Modelo Dom Paulo Evaristo Arns, os interessados devem ligar para (11) 3872-6992 ou (11) 3873-3200 e entrar em contato com Mara, Cl&aacute;udia, J&uacute;lia ou Renata. O hor&aacute;rio de funcionamento do Escrit&oacute;rio Modelo vai das 9hs &agrave;s 18hs, e o hor&aacute;rio de atendimento das 13h30 &agrave;s 17hs. O atendimento funciona durante as f&eacute;rias, com exce&ccedil;&atilde;o dos dias 22\/12, 4 e 5\/1.<\/span><span>&nbsp;<\/span><\/p>\n<p><span>A iniciativa de articula&ccedil;&atilde;o para o aviso de habilita&ccedil;&atilde;o &eacute; in&eacute;dita no pa&iacute;s. Os encontros de prepara&ccedil;&atilde;o contaram com a presen&ccedil;a de representante do MC, da Defensoria P&uacute;blica, do Escrit&oacute;rio Modelo Dom Paulo Evaristo Arns e das r&aacute;dios comunit&aacute;rias, e contribu&iacute;ram para a defini&ccedil;&atilde;o de diretrizes adequadas &agrave; realidade paulistana.<\/span><span>&nbsp;<\/span><span>As entidades e organiza&ccedil;&otilde;es ligadas &agrave; radiodifus&atilde;o pressionaram e, pela primeira vez, o MC divulgar&aacute; a lista das r&aacute;dios que pleitearam a autoriza&ccedil;&atilde;o, bem como sua distribui&ccedil;&atilde;o geogr&aacute;fica, antes de decidir quais efetivamente ser&atilde;o contempladas.<\/span><\/p>\n<p><span>&nbsp;A publicidade destas informa&ccedil;&otilde;es visa estimular a realiza&ccedil;&atilde;o de acordos entre as r&aacute;dios que concorrem no mesmo espa&ccedil;o, e tamb&eacute;m contribuir para que a sociedade denuncie entidades que n&atilde;o sejam estritamente comunit&aacute;rias, como as ligadas &agrave;s igrejas ou particulares.<\/span><span>&nbsp;<\/span><\/p>\n<p><span><strong>Contatos:<\/strong><\/span><span>Renata Tibyri&ccedil;&aacute; (<\/span><span>Defensora P&uacute;blica) e <\/span><span>Bruno Lupion (<\/span><span>Jornalista)<\/span><\/p>\n<p><span>Coordenadoria de Comunica&ccedil;&atilde;o Social e Assessoria de Imprensa<\/span><span>imprensa@defensoria.sp.gov.br www.defensoria.sp.gov.br<\/span><span>3104-7152 \/ 8542-4262<\/span><\/p>\n","protected":false},"excerpt":{"rendered":"<p>Quarenta e um atendimentos a r&aacute;dios comunit&aacute;rias. Este &eacute; o balan&ccedil;o final do mutir&atilde;o, realizado nos dias 11, 12, 18 e 19\/12 na Defensoria P&uacute;blica, para orientar associa&ccedil;&otilde;es comunit&aacute;rias interessadas.&nbsp;O Minist&eacute;rio das Comunica&ccedil;&otilde;es (MC) publicou, no in&iacute;cio de dezembro, o aviso de habilita&ccedil;&atilde;o para a cidade de S&atilde;o Paulo. O aviso &eacute; a primeira etapa &hellip; <a href=\"https:\/\/obscom.intervozes.org.br\/?p=17940\" class=\"more-link\">Continue lendo <span class=\"screen-reader-text\">Defensoria P\u00fablica faz mutir\u00e3o em S\u00e3o Paulo<\/span> <span class=\"meta-nav\">&rarr;<\/span><\/a><\/p>\n","protected":false},"author":1,"featured_media":0,"comment_status":"open","ping_status":"open","sticky":false,"template":"","format":"standard","meta":{"footnotes":""},"categories":[40],"tags":[65],"_links":{"self":[{"href":"https:\/\/obscom.intervozes.org.br\/index.php?rest_route=\/wp\/v2\/posts\/17940"}],"collection":[{"href":"https:\/\/obscom.intervozes.org.br\/index.php?rest_route=\/wp\/v2\/posts"}],"about":[{"href":"https:\/\/obscom.intervozes.org.br\/index.php?rest_route=\/wp\/v2\/types\/post"}],"author":[{"embeddable":true,"href":"https:\/\/obscom.intervozes.org.br\/index.php?rest_route=\/wp\/v2\/users\/1"}],"replies":[{"embeddable":true,"href":"https:\/\/obscom.intervozes.org.br\/index.php?rest_route=%2Fwp%2Fv2%2Fcomments&post=17940"}],"version-history":[{"count":0,"href":"https:\/\/obscom.intervozes.org.br\/index.php?rest_route=\/wp\/v2\/posts\/17940\/revisions"}],"wp:attachment":[{"href":"https:\/\/obscom.intervozes.org.br\/index.php?rest_route=%2Fwp%2Fv2%2Fmedia&parent=17940"}],"wp:term":[{"taxonomy":"category","embeddable":true,"href":"https:\/\/obscom.intervozes.org.br\/index.php?rest_route=%2Fwp%2Fv2%2Fcategories&post=17940"},{"taxonomy":"post_tag","embeddable":true,"href":"https:\/\/obscom.intervozes.org.br\/index.php?rest_route=%2Fwp%2Fv2%2Ftags&post=17940"}],"curies":[{"name":"wp","href":"https:\/\/api.w.org\/{rel}","templated":true}]}}