{"id":17939,"date":"2007-01-15T18:45:20","date_gmt":"2007-01-15T18:45:20","guid":{"rendered":"https:\/\/obscom.intervozes.org.br\/wordpress\/?p=17939"},"modified":"2007-01-15T18:45:20","modified_gmt":"2007-01-15T18:45:20","slug":"mpf-x-sbtvd-t-ja-e-hora-de-virar-a-pagina","status":"publish","type":"post","link":"https:\/\/obscom.intervozes.org.br\/?p=17939","title":{"rendered":"MPF X SBTVD-T: j\u00e1 \u00e9 hora de virar a p\u00e1gina?"},"content":{"rendered":"<p><span>A aus&ecirc;ncia de informa&ccedil;&atilde;o e de mobiliza&ccedil;&atilde;o em torno dos desdobramentos da A&ccedil;&atilde;o Civil P&uacute;blica proposta pelo Minist&eacute;rio P&uacute;blico Federal no Estado de Minas Gerais, em 17 de agosto de 2006, pleiteando a anula&ccedil;&atilde;o do Decreto 5820\/2006, &eacute; o maior ind&iacute;cio de que os pr&oacute;ximos anos ser&atilde;o dif&iacute;ceis e demandar&atilde;o uma a&ccedil;&atilde;o t&atilde;o articulada quanto firme em prol da comunica&ccedil;&atilde;o democr&aacute;tica no pa&iacute;s.<\/span><span>&nbsp;<\/span><\/p>\n<p><span>Em s&iacute;ntese, o documento de 56 p&aacute;ginas traz as seguintes alega&ccedil;&otilde;es para reivindicar a revoga&ccedil;&atilde;o do Decreto:<\/span><span>&nbsp;<\/span><\/p>\n<p><span>&#8211; aquisi&ccedil;&atilde;o do mais caro dos receptores dentre os testados, implicando na diminui&ccedil;&atilde;o de domic&iacute;lios atendidos;<\/span><span>&nbsp;<\/span><\/p>\n<p><span>&#8211; revoga&ccedil;&atilde;o impl&iacute;cita do Decreto 4901\/2003, pela aus&ecirc;ncia de efetiva colabora&ccedil;&atilde;o entre o Comit&ecirc; de Desenvolvimento e o Comit&ecirc; Consultivo, al&eacute;m da aus&ecirc;ncia da divulga&ccedil;&atilde;o de um relat&oacute;rio final do Comit&ecirc; de Desenvolvimento contendo a fundamenta&ccedil;&atilde;o que motivou a escolha do padr&atilde;o japon&ecirc;s de TV Digital;<\/span><span>&nbsp;<\/span><\/p>\n<p><span>&#8211; ofensa ao artigo 223 da Constitui&ccedil;&atilde;o ao permitir o uso privado de um bem p&uacute;blico, referindo-se &agrave; consigna&ccedil;&atilde;o de canais de radiofreq&uuml;&ecirc;ncia para as emissoras atuais, &ldquo;a fim de permitir a transi&ccedil;&atilde;o para a tecnologia digital sem interrup&ccedil;&atilde;o da transmiss&atilde;o de sinais anal&oacute;gicos&rdquo; (conforme artigo 7&ordm; do Decreto 5820\/2006);<\/span><span>&nbsp;<\/span><\/p>\n<p><span>&#8211; incompatibilidade entre oferta de interatividade e expl&iacute;cita separa&ccedil;&atilde;o entre setores de radiodifus&atilde;o e telecomunica&ccedil;&otilde;es no pa&iacute;s, com base na Emenda Constitucional n.&ordm; 08\/95;<\/span><span>&nbsp;<\/span><\/p>\n<p><span>&#8211; inviabilidade da entrega de 6 megahertz adicionais &agrave;s emissoras, que contariam com maior espa&ccedil;o no espectro para viabilizar suas programa&ccedil;&otilde;es e\/ou estabelecer novos neg&oacute;cios;<\/span><span>&nbsp;<\/span><\/p>\n<p><span>&#8211; impropriedade de estabelecer o SBTVD via Decreto, sendo mais adequada a aprova&ccedil;&atilde;o de uma Lei pelo Congresso Nacional, com posterior san&ccedil;&atilde;o ou veto por parte do Presidente da Rep&uacute;blica;<\/span><span>&nbsp;<\/span><\/p>\n<p><span>&#8211; impossibilidade de transmiss&atilde;o em HDTV pelas concession&aacute;rias, no per&iacute;odo de transmiss&atilde;o simult&acirc;nea anal&oacute;gica e digital, na medida em que inviabilizaria pol&iacute;ticas p&uacute;blicas de incorpora&ccedil;&atilde;o da digitaliza&ccedil;&atilde;o por parte de experi&ecirc;ncias comunit&aacute;rias e locais.<\/span><span>&nbsp;<\/span><\/p>\n<p><span>Apesar de justificar, ao longo do texto, a proced&ecirc;ncia da compet&ecirc;ncia de levar uma a&ccedil;&atilde;o de &acirc;mbito nacional para Minas Gerais, o Juiz Lincoln Pinheiro Costa indeferiu a peti&ccedil;&atilde;o inicial alegando ser o pedido formulado juridicamente imposs&iacute;vel e considerando a causa inepta, na medida em que o pedido motivado pelo dano n&atilde;o &eacute; da esfera do Tribunal Regional Federal, mas sim do Supremo Tribunal Federal, cabendo para tanto uma a&ccedil;&atilde;o nessa esfera.<\/span><span>&nbsp;<\/span><\/p>\n<p><span>A justificativa tecnicamente plaus&iacute;vel por parte do Juiz do TRF teve tamb&eacute;m a motiva&ccedil;&atilde;o da visita pessoal de H&eacute;lio Costa a Belo Horizonte para uma conversa na semana anterior &agrave; decis&atilde;o, conforme noticiado na m&iacute;dia. <\/span><span>Do ponto de vista pol&iacute;tico, por sua vez, o Ministro publicou uma exposi&ccedil;&atilde;o de motivos insatisfat&oacute;ria em rela&ccedil;&atilde;o &agrave;s quest&otilde;es levantadas.<\/span><span>&nbsp;<\/span><\/p>\n<p><span>No entanto, a estranheza maior &eacute; que desde ent&atilde;o n&atilde;o mais se ouve a mobiliza&ccedil;&atilde;o nem das organiza&ccedil;&otilde;es da sociedade civil em torno do assunto e nem mesmo do pr&oacute;prio MPF, que apresentou a a&ccedil;&atilde;o. Ser&aacute; que realmente o cen&aacute;rio que se coloca &eacute; o de virar a p&aacute;gina e buscar garantir uma regula&ccedil;&atilde;o na qual sejam contemplados os interesses e necessidades da popula&ccedil;&atilde;o? Se existe um m&eacute;rito ainda n&atilde;o refutado objetivamente nas reivindica&ccedil;&otilde;es expostas pelo MPF cabe persistir na busca de caminhos poss&iacute;veis pelos quais a sociedade possa valer seus direitos, buscando for&ccedil;as leg&iacute;timas que gritem em nome dos exclu&iacute;dos da comunica&ccedil;&atilde;o democr&aacute;tica.<\/span> <\/p>\n<p>&nbsp;<\/p>\n","protected":false},"excerpt":{"rendered":"<p>A aus&ecirc;ncia de informa&ccedil;&atilde;o e de mobiliza&ccedil;&atilde;o em torno dos desdobramentos da A&ccedil;&atilde;o Civil P&uacute;blica proposta pelo Minist&eacute;rio P&uacute;blico Federal no Estado de Minas Gerais, em 17 de agosto de 2006, pleiteando a anula&ccedil;&atilde;o do Decreto 5820\/2006, &eacute; o maior ind&iacute;cio de que os pr&oacute;ximos anos ser&atilde;o dif&iacute;ceis e demandar&atilde;o uma a&ccedil;&atilde;o t&atilde;o articulada quanto &hellip; <a href=\"https:\/\/obscom.intervozes.org.br\/?p=17939\" class=\"more-link\">Continue lendo <span class=\"screen-reader-text\">MPF X SBTVD-T: j\u00e1 \u00e9 hora de virar a p\u00e1gina?<\/span> <span class=\"meta-nav\">&rarr;<\/span><\/a><\/p>\n","protected":false},"author":1,"featured_media":0,"comment_status":"open","ping_status":"open","sticky":false,"template":"","format":"standard","meta":{"footnotes":""},"categories":[40],"tags":[64],"_links":{"self":[{"href":"https:\/\/obscom.intervozes.org.br\/index.php?rest_route=\/wp\/v2\/posts\/17939"}],"collection":[{"href":"https:\/\/obscom.intervozes.org.br\/index.php?rest_route=\/wp\/v2\/posts"}],"about":[{"href":"https:\/\/obscom.intervozes.org.br\/index.php?rest_route=\/wp\/v2\/types\/post"}],"author":[{"embeddable":true,"href":"https:\/\/obscom.intervozes.org.br\/index.php?rest_route=\/wp\/v2\/users\/1"}],"replies":[{"embeddable":true,"href":"https:\/\/obscom.intervozes.org.br\/index.php?rest_route=%2Fwp%2Fv2%2Fcomments&post=17939"}],"version-history":[{"count":0,"href":"https:\/\/obscom.intervozes.org.br\/index.php?rest_route=\/wp\/v2\/posts\/17939\/revisions"}],"wp:attachment":[{"href":"https:\/\/obscom.intervozes.org.br\/index.php?rest_route=%2Fwp%2Fv2%2Fmedia&parent=17939"}],"wp:term":[{"taxonomy":"category","embeddable":true,"href":"https:\/\/obscom.intervozes.org.br\/index.php?rest_route=%2Fwp%2Fv2%2Fcategories&post=17939"},{"taxonomy":"post_tag","embeddable":true,"href":"https:\/\/obscom.intervozes.org.br\/index.php?rest_route=%2Fwp%2Fv2%2Ftags&post=17939"}],"curies":[{"name":"wp","href":"https:\/\/api.w.org\/{rel}","templated":true}]}}