{"id":17937,"date":"2007-01-15T18:37:21","date_gmt":"2007-01-15T18:37:21","guid":{"rendered":"https:\/\/obscom.intervozes.org.br\/wordpress\/?p=17937"},"modified":"2007-01-15T18:37:21","modified_gmt":"2007-01-15T18:37:21","slug":"brasil-mostra-que-tem-estrutura-publica-de-comunicacao-sul-americana","status":"publish","type":"post","link":"https:\/\/obscom.intervozes.org.br\/?p=17937","title":{"rendered":"Brasil mostra que tem estrutura p\u00fablica de comunica\u00e7\u00e3o sul-americana"},"content":{"rendered":"<p><span>Pa&iacute;s apresenta em congresso na Argentina a TV Brasil, um dos exemplos de mecanismos para integrar produ&ccedil;&otilde;es culturais e informativas dos pa&iacute;ses da Am&eacute;rica do Sul.<\/span><span>&nbsp;<\/span><span>Para promover a integra&ccedil;&atilde;o dos pa&iacute;ses do Mercado Comum do Sul (Mercosul), o Brasil j&aacute; conta com uma estrutura de comunica&ccedil;&atilde;o p&uacute;blica que pode ser utilizada. Uma delas &eacute; a TV Brasil, canal p&uacute;blico internacional do Estado brasileiro voltado para a integra&ccedil;&atilde;o sul-americana.<\/span><\/p>\n<p><span>A TV Brasil ser&aacute; um dos projetos apresentados e debatidos no semin&aacute;rio &ldquo;A Comunica&ccedil;&atilde;o P&uacute;blica no Processo de Integra&ccedil;&atilde;o Regional&rdquo;, que se realiza entre os dias 10 e 12 de janeiro em Buenos Aires, na Argentina. O encontro reunir&aacute; gestores de empresas p&uacute;blicas de comunica&ccedil;&atilde;o, que discutir&atilde;o a&ccedil;&otilde;es concretas para o fortalecimento da integra&ccedil;&atilde;o regional do Mercosul.<\/span><span>&nbsp;<\/span><\/p>\n<p><span>Inaugurado em 2005, o canal tem como objetivo integrar as produ&ccedil;&otilde;es culturais e informativas dos pa&iacute;ses da Am&eacute;rica do Sul. &ldquo;Apesar de ser um canal p&uacute;blico brasileiro, a TV Brasil busca contribuir para o processo de integra&ccedil;&atilde;o regional&rdquo;, destacou o coordenador-geral substituto da emissora, Adriano de Angelis.<\/span><span>&nbsp;<\/span><span>Segundo ele, 93% da programa&ccedil;&atilde;o da TV Brasil &eacute; formada por produ&ccedil;&otilde;es vindas de parceiros dos pa&iacute;ses da Am&eacute;rica do Sul. &ldquo;S&atilde;o cerca de 50 acordos de coopera&ccedil;&atilde;o que garante essa troca de conte&uacute;do&rdquo;. Angelis diz que &eacute; importante introduzir na programa&ccedil;&atilde;o produ&ccedil;&otilde;es de diversos pa&iacute;ses para garantir a diversidade dos povos sul-americanos. <\/span><span>&nbsp;<\/span><span>&ldquo;J&aacute; existe uma produ&ccedil;&atilde;o de qualidade feita com um olhar pr&oacute;prio de cada comunidade. Por isso, a gente n&atilde;o quer ser o portador da informa&ccedil;&atilde;o deles. Queremos abrir espa&ccedil;o para que eles, a partir de suas pr&oacute;prias produ&ccedil;&otilde;es, entrem na grade da TV Brasil&rdquo;, destaca.<\/span><span>&nbsp;<\/span><span>Um dos notici&aacute;rios da TV Brasil &eacute; o &ldquo;Am&eacute;rica do Sul Hoje&rdquo;, um jornal em portugu&ecirc;s, voltado para o p&uacute;blico brasileiro, com not&iacute;cias da Am&eacute;rica do Sul. <\/span><\/p>\n<p><span>A emissora tem tamb&eacute;m o &ldquo;Not&iacute;cias do Brasil&rdquo;, em que s&atilde;o veiculadas as principais not&iacute;cias brasileiras, em espanhol, disponibilizadas para a popula&ccedil;&atilde;o dos pa&iacute;ses sul-americanos.<\/span><span>&nbsp;<\/span><span>Al&eacute;m da TV Brasil, o pa&iacute;s conta com outras estruturas de comunica&ccedil;&atilde;o que podem ser utilizadas no processo de integra&ccedil;&atilde;o entre os pa&iacute;ses do Mercosul, como, por exemplo, as 23 emissoras de televis&otilde;es educativas<\/span><\/p>\n","protected":false},"excerpt":{"rendered":"<p>Pa&iacute;s apresenta em congresso na Argentina a TV Brasil, um dos exemplos de mecanismos para integrar produ&ccedil;&otilde;es culturais e informativas dos pa&iacute;ses da Am&eacute;rica do Sul.&nbsp;Para promover a integra&ccedil;&atilde;o dos pa&iacute;ses do Mercado Comum do Sul (Mercosul), o Brasil j&aacute; conta com uma estrutura de comunica&ccedil;&atilde;o p&uacute;blica que pode ser utilizada. Uma delas &eacute; a &hellip; <a href=\"https:\/\/obscom.intervozes.org.br\/?p=17937\" class=\"more-link\">Continue lendo <span class=\"screen-reader-text\">Brasil mostra que tem estrutura p\u00fablica de comunica\u00e7\u00e3o sul-americana<\/span> <span class=\"meta-nav\">&rarr;<\/span><\/a><\/p>\n","protected":false},"author":1,"featured_media":0,"comment_status":"open","ping_status":"open","sticky":false,"template":"","format":"standard","meta":{"footnotes":""},"categories":[40],"tags":[62],"_links":{"self":[{"href":"https:\/\/obscom.intervozes.org.br\/index.php?rest_route=\/wp\/v2\/posts\/17937"}],"collection":[{"href":"https:\/\/obscom.intervozes.org.br\/index.php?rest_route=\/wp\/v2\/posts"}],"about":[{"href":"https:\/\/obscom.intervozes.org.br\/index.php?rest_route=\/wp\/v2\/types\/post"}],"author":[{"embeddable":true,"href":"https:\/\/obscom.intervozes.org.br\/index.php?rest_route=\/wp\/v2\/users\/1"}],"replies":[{"embeddable":true,"href":"https:\/\/obscom.intervozes.org.br\/index.php?rest_route=%2Fwp%2Fv2%2Fcomments&post=17937"}],"version-history":[{"count":0,"href":"https:\/\/obscom.intervozes.org.br\/index.php?rest_route=\/wp\/v2\/posts\/17937\/revisions"}],"wp:attachment":[{"href":"https:\/\/obscom.intervozes.org.br\/index.php?rest_route=%2Fwp%2Fv2%2Fmedia&parent=17937"}],"wp:term":[{"taxonomy":"category","embeddable":true,"href":"https:\/\/obscom.intervozes.org.br\/index.php?rest_route=%2Fwp%2Fv2%2Fcategories&post=17937"},{"taxonomy":"post_tag","embeddable":true,"href":"https:\/\/obscom.intervozes.org.br\/index.php?rest_route=%2Fwp%2Fv2%2Ftags&post=17937"}],"curies":[{"name":"wp","href":"https:\/\/api.w.org\/{rel}","templated":true}]}}