{"id":17936,"date":"2007-01-15T18:19:55","date_gmt":"2007-01-15T18:19:55","guid":{"rendered":"https:\/\/obscom.intervozes.org.br\/wordpress\/?p=17936"},"modified":"2007-01-15T18:19:55","modified_gmt":"2007-01-15T18:19:55","slug":"tendencia-e-de-renovacao-no-ccs-em-2007","status":"publish","type":"post","link":"https:\/\/obscom.intervozes.org.br\/?p=17936","title":{"rendered":"Tend\u00eancia \u00e9 de renova\u00e7\u00e3o no CCS em 2007"},"content":{"rendered":"<p><span>A partir de mar&ccedil;o, depois que forem eleitas as mesas da C&acirc;mara dos Deputados e do Senado Federal, dever&aacute; ser realizada uma nova elei&ccedil;&atilde;o para o Conselho de Comunica&ccedil;&atilde;o Social.<\/span> <\/p>\n<p style=\"margin: 0cm 0cm 0pt\" class=\"MsoNormal\">&nbsp;<\/p>\n<p><span>H&aacute; algumas diverg&ecirc;ncias em fun&ccedil;&atilde;o da poss&iacute;vel recondu&ccedil;&atilde;o de alguns nomes como representantes de entidades (especificamente aqueles que fizeram parte das duas primeiras composi&ccedil;&otilde;es). At&eacute; o momento, apenas a Abert indicou Evaristo Oliveira, diretor administrativo do Correio Braziliense\/Di&aacute;rios Associados, para substituir Paulo Machado de Carvalho Neto com representante das emissoras de r&aacute;dio. A Sociedade de Engenharia de Televis&atilde;o (SET) tamb&eacute;m indicou Liliana Nakonechnyj (diretora da TV Globo) para substituir Fernando Bittencourt (tamb&eacute;m Globo) como representante dos engenheiros da &aacute;rea de comunica&ccedil;&otilde;es.<\/span> <\/p>\n<p style=\"margin: 0cm 0cm 0pt\" class=\"MsoNormal\">&nbsp;<\/p>\n<p><span>Do lado das entidades que representam as categorias profissionais, ainda n&atilde;o foram feitas as indica&ccedil;&otilde;es finais, mas a preocupa&ccedil;&atilde;o dos representantes dos trabalhadores &eacute; recompor o equil&iacute;brio entre entidades da sociedade civil e segmento empresarial (que conta n&atilde;o s&oacute; com mais representantes como t&ecirc;m o apoio aberto do atual presidente, Arnaldo Niskier, indicado diretamente pelo ent&atilde;o presidente do Senado, senador Jos&eacute; Sarney). Neste sentido, o F&oacute;rum pela Democratiza&ccedil;&atilde;o das Comunica&ccedil;&otilde;es j&aacute; encaminhou ao presidente do Senado, senador Renan Calheiros, uma lista de entidades que estariam interessadas em fazer parte do conselho como representantes da sociedade civil. As entidades sugeridas pelo F&oacute;rum s&atilde;o as seguintes: ABCCom (Associa&ccedil;&atilde;o Brasileira de Canais Comunit&aacute;rios); Abepec (Associa&ccedil;&atilde;o Brasileira de Emissoras P&uacute;blicas, Educativas e Culturais); Abra&ccedil;o (Associa&ccedil;&atilde;o Brasileira de Radiodifus&atilde;o Comunit&aacute;ria); ABTU (Associa&ccedil;&atilde;o Brasileira de Televis&atilde;o Universit&aacute;ria); CBC (Congresso Brasileiro de Cinema); CFP (Conselho Federal de Psicologia); CNBB (Confer&ecirc;ncia Nacional dos Bispos do Brasil); Confea (Conselho Federal de Engenharia, Arquitetura e Agronomia); CUT (Central &Uacute;nica dos Trabalhadores); e MST (Movimento dos Trabalhadores Rurais Sem-Terra).<\/span> <\/p>\n<p style=\"margin: 0cm 0cm 0pt\" class=\"MsoNormal\">&nbsp;<\/p>\n<p><span>Outras entidades correm por fora para conseguir uma posi&ccedil;&atilde;o, entre elas a ABTA (associa&ccedil;&atilde;o de operadores de TV por assinatura) e entidades ligadas ao setor de telecomunica&ccedil;&otilde;es.<\/span> <\/p>\n<p><strong>Presid&ecirc;ncia<\/strong><\/p>\n<p><span>De acordo com algumas fontes pr&oacute;ximas aos conselheiros, a gest&atilde;o de Arnaldo Niskier conseguiu desagradar aos dois segmentos b&aacute;sicos que comp&otilde;em o CCS. De qualquer forma, ainda n&atilde;o &eacute; poss&iacute;vel avaliar se o presidente Sarney continuar&aacute; bancando o nome de Niskier para a terceira composi&ccedil;&atilde;o do &oacute;rg&atilde;o. H&aacute; quem afirme que o pr&oacute;prio Niskier j&aacute; estaria convencido que perdeu representatividade por n&atilde;o ser mais secret&aacute;rio de educa&ccedil;&atilde;o do governo do Estado do Rio de Janeiro na gest&atilde;o de S&eacute;rgio Cabral.&nbsp;<\/span> <\/p>\n","protected":false},"excerpt":{"rendered":"<p>Conselho de Comunica\u00e7\u00e3o Social, \u00f3rg\u00e3o auxiliar do Congresso Nacional ser\u00e1 renovado ainda no primeiro semestre do ano. Segundo ag\u00eancia especializada, maioria das cadeiras deve ser renovada. FNDC envia sugest\u00e3o de nomes ao senador Renan Calheiros.<\/p>\n","protected":false},"author":1,"featured_media":0,"comment_status":"open","ping_status":"open","sticky":false,"template":"","format":"standard","meta":{"footnotes":""},"categories":[40],"tags":[59],"_links":{"self":[{"href":"https:\/\/obscom.intervozes.org.br\/index.php?rest_route=\/wp\/v2\/posts\/17936"}],"collection":[{"href":"https:\/\/obscom.intervozes.org.br\/index.php?rest_route=\/wp\/v2\/posts"}],"about":[{"href":"https:\/\/obscom.intervozes.org.br\/index.php?rest_route=\/wp\/v2\/types\/post"}],"author":[{"embeddable":true,"href":"https:\/\/obscom.intervozes.org.br\/index.php?rest_route=\/wp\/v2\/users\/1"}],"replies":[{"embeddable":true,"href":"https:\/\/obscom.intervozes.org.br\/index.php?rest_route=%2Fwp%2Fv2%2Fcomments&post=17936"}],"version-history":[{"count":0,"href":"https:\/\/obscom.intervozes.org.br\/index.php?rest_route=\/wp\/v2\/posts\/17936\/revisions"}],"wp:attachment":[{"href":"https:\/\/obscom.intervozes.org.br\/index.php?rest_route=%2Fwp%2Fv2%2Fmedia&parent=17936"}],"wp:term":[{"taxonomy":"category","embeddable":true,"href":"https:\/\/obscom.intervozes.org.br\/index.php?rest_route=%2Fwp%2Fv2%2Fcategories&post=17936"},{"taxonomy":"post_tag","embeddable":true,"href":"https:\/\/obscom.intervozes.org.br\/index.php?rest_route=%2Fwp%2Fv2%2Ftags&post=17936"}],"curies":[{"name":"wp","href":"https:\/\/api.w.org\/{rel}","templated":true}]}}