{"id":17933,"date":"2007-01-15T12:47:01","date_gmt":"2007-01-15T12:47:01","guid":{"rendered":"https:\/\/obscom.intervozes.org.br\/wordpress\/?p=17933"},"modified":"2007-01-15T12:47:01","modified_gmt":"2007-01-15T12:47:01","slug":"comeca-seminario-que-discute-comunicacao","status":"publish","type":"post","link":"https:\/\/obscom.intervozes.org.br\/?p=17933","title":{"rendered":"Come\u00e7a semin\u00e1rio que discute comunica\u00e7\u00e3o"},"content":{"rendered":"<p style=\"margin: 0cm 0cm 0pt\" class=\"MsoNormal\"><span>Bras&iacute;lia &#8211; Come&ccedil;a hoje (10) em Buenos Aires, na Argentina, o semin&aacute;rio A Comunica&ccedil;&atilde;o P&uacute;blica no Processo de Integra&ccedil;&atilde;o Nacional. A abertura oficial ocorre nesta manh&atilde;, na sede do canal 7 argentino. Durante o painel de abertura, autoridades do setor de comunica&ccedil;&atilde;o p&uacute;blica dos pa&iacute;ses do Mercosul ter&atilde;o 20 minutos para cada apresenta&ccedil;&atilde;o. <\/span><\/p>\n<p style=\"margin: 0cm 0cm 0pt\" class=\"MsoNormal\">&nbsp;<\/p>\n<p style=\"margin: 0cm 0cm 0pt\" class=\"MsoNormal\"><span>De acordo com a programa&ccedil;&atilde;o do encontro, entre as 14h30 e as 18 horas representantes da Argentina, Paraguai e Venezuela mostrar&atilde;o as estruturas de comunica&ccedil;&atilde;o de seus pa&iacute;ses. Cada pa&iacute;s ter&aacute; no m&aacute;ximo 30 minutos e os &uacute;ltimos 10 ser&atilde;o destinados a perguntas.<\/span><\/p>\n<p style=\"margin: 0cm 0cm 0pt\" class=\"MsoNormal\">&nbsp;<\/p>\n<p><span>As exposi&ccedil;&otilde;es estar&atilde;o em documento a ser enviado a um mediador, que redistribuir&aacute; a todos os pa&iacute;ses. Ao fim das apresenta&ccedil;&otilde;es, o mediador mostrar&aacute; os pontos convergentes entre as estruturas dos diversos pa&iacute;ses.<font face=\"Times New Roman\"><\/font><\/span><\/p>\n","protected":false},"excerpt":{"rendered":"<p>Bras&iacute;lia &#8211; Come&ccedil;a hoje (10) em Buenos Aires, na Argentina, o semin&aacute;rio A Comunica&ccedil;&atilde;o P&uacute;blica no Processo de Integra&ccedil;&atilde;o Nacional. A abertura oficial ocorre nesta manh&atilde;, na sede do canal 7 argentino. Durante o painel de abertura, autoridades do setor de comunica&ccedil;&atilde;o p&uacute;blica dos pa&iacute;ses do Mercosul ter&atilde;o 20 minutos para cada apresenta&ccedil;&atilde;o. &nbsp; De &hellip; <a href=\"https:\/\/obscom.intervozes.org.br\/?p=17933\" class=\"more-link\">Continue lendo <span class=\"screen-reader-text\">Come\u00e7a semin\u00e1rio que discute comunica\u00e7\u00e3o<\/span> <span class=\"meta-nav\">&rarr;<\/span><\/a><\/p>\n","protected":false},"author":1,"featured_media":0,"comment_status":"open","ping_status":"open","sticky":false,"template":"","format":"standard","meta":{"footnotes":""},"categories":[40],"tags":[60],"_links":{"self":[{"href":"https:\/\/obscom.intervozes.org.br\/index.php?rest_route=\/wp\/v2\/posts\/17933"}],"collection":[{"href":"https:\/\/obscom.intervozes.org.br\/index.php?rest_route=\/wp\/v2\/posts"}],"about":[{"href":"https:\/\/obscom.intervozes.org.br\/index.php?rest_route=\/wp\/v2\/types\/post"}],"author":[{"embeddable":true,"href":"https:\/\/obscom.intervozes.org.br\/index.php?rest_route=\/wp\/v2\/users\/1"}],"replies":[{"embeddable":true,"href":"https:\/\/obscom.intervozes.org.br\/index.php?rest_route=%2Fwp%2Fv2%2Fcomments&post=17933"}],"version-history":[{"count":0,"href":"https:\/\/obscom.intervozes.org.br\/index.php?rest_route=\/wp\/v2\/posts\/17933\/revisions"}],"wp:attachment":[{"href":"https:\/\/obscom.intervozes.org.br\/index.php?rest_route=%2Fwp%2Fv2%2Fmedia&parent=17933"}],"wp:term":[{"taxonomy":"category","embeddable":true,"href":"https:\/\/obscom.intervozes.org.br\/index.php?rest_route=%2Fwp%2Fv2%2Fcategories&post=17933"},{"taxonomy":"post_tag","embeddable":true,"href":"https:\/\/obscom.intervozes.org.br\/index.php?rest_route=%2Fwp%2Fv2%2Ftags&post=17933"}],"curies":[{"name":"wp","href":"https:\/\/api.w.org\/{rel}","templated":true}]}}