{"id":17929,"date":"2006-12-20T20:25:31","date_gmt":"2006-12-20T20:25:31","guid":{"rendered":"https:\/\/obscom.intervozes.org.br\/wordpress\/?p=17929"},"modified":"2006-12-20T20:25:31","modified_gmt":"2006-12-20T20:25:31","slug":"intervozes-questiona-nomeacao-na-anatel","status":"publish","type":"post","link":"https:\/\/obscom.intervozes.org.br\/?p=17929","title":{"rendered":"Intervozes questiona nomea\u00e7\u00e3o na Anatel"},"content":{"rendered":"<div>A situa&ccedil;&atilde;o em que se encontra a Ag&ecirc;ncia Nacional de Telecomunica&ccedil;&otilde;es (Anatel) &eacute; uma conseq&uuml;&ecirc;ncia direta da falta de uma pol&iacute;tica estrat&eacute;gica do governo Lula para a &aacute;rea das Comunica&ccedil;&otilde;es. A ag&ecirc;ncia arrecada, por ano, mais de R$ 2 bilh&otilde;es com o&nbsp;Fundo de Fiscaliza&ccedil;&atilde;o das Telecomunica&ccedil;&otilde;es (Fistel)&nbsp;e seu or&ccedil;amento realmente executado&nbsp;em 2006 n&atilde;o chegar&aacute;&nbsp;a R$ 300 milh&otilde;es.&nbsp;O restante &eacute; indevidamente retido para fins de super&aacute;vit prim&aacute;rio. Assim, boa parte das iniciativas inerentes &agrave; ag&ecirc;ncia&nbsp;s&oacute; acontece de forma reativa, em especial&nbsp;as a&ccedil;&otilde;es de fiscaliza&ccedil;&atilde;o.<\/div>\n<div>\n<div>Atualmente, parte do corpo funcional da Anatel &eacute; formada por integrantes do quadro da&nbsp;Telebr&aacute;s, em uma&nbsp;situa&ccedil;&atilde;o que foi considerada provis&oacute;ria pelo Tribunal de Contas da Uni&atilde;o (TCU). Dessa forma, cria-se um clima de&nbsp;instabilidade&nbsp;em rela&ccedil;&atilde;o ao futuro profissional dessas pessoas. E, ao final do processo de transi&ccedil;&atilde;o, parcela&nbsp;consider&aacute;vel dos funcion&aacute;rios da ag&ecirc;ncia, depois de formados com recursos p&uacute;blicos, pode acabar prestando servi&ccedil;os para operadoras de telecomunica&ccedil;&otilde;es e\/ou empresas de consultoria do setor.<\/div>\n<div class=\"MsoNormal\"><strong>Marco regulat&oacute;rio<\/strong><\/div>\n<div>A Anatel opera no interior de um marco regulat&oacute;rio totalmente obsoleto. Tendo como refer&ecirc;ncia o que vem ocorrendo em diversos outros pa&iacute;ses, notadamente na Uni&atilde;o Europ&eacute;ia, faz-se necess&aacute;rio um novo marco regulat&oacute;rio que transforme a ag&ecirc;ncia, de fato, em um &oacute;rg&atilde;o regulador de toda a infra-estrutura e dos servi&ccedil;os de comunica&ccedil;&atilde;o, baseado n&atilde;o apenas nos princ&iacute;pios de concorr&ecirc;ncia econ&ocirc;mica, mas, principalmente, na defesa dos direitos dos cidad&atilde;os e na promo&ccedil;&atilde;o do direito humano &agrave; comunica&ccedil;&atilde;o.<\/div>\n<div><strong>Escolha dos conselheiros<\/strong><\/div>\n<div>Como se n&atilde;o bastassem os problemas estruturais que afligem a Anatel, e para os quais o governo Lula n&atilde;o conseguiu tra&ccedil;ar uma pol&iacute;tica, ainda existe a grave situa&ccedil;&atilde;o da escolha de seus conselheiros.&nbsp;Atualmente, a Anatel funciona com apenas tr&ecirc;s dos seus cinco conselheiros, e uma das vagas se encontra em aberto h&aacute; um ano. A situa&ccedil;&atilde;o beira o insustent&aacute;vel, porque basta que um &uacute;nico membro esteja ausente para que o Conselho Diretor da ag&ecirc;ncia n&atilde;o possa exercer suas fun&ccedil;&otilde;es deliberativas.<\/div>\n<div>Recentemente, os notici&aacute;rios da grande imprensa foram tomados por not&iacute;cias que revelam a press&atilde;o do PMDB para ocupar uma das vagas do Conselho Diretor da Anatel. Al&eacute;m dessa indesej&aacute;vel partidariza&ccedil;&atilde;o da ag&ecirc;ncia, a pior informa&ccedil;&atilde;o &eacute; a que um dos nomes mais fortes para ocupar o cargo &eacute; o de Alexandre Jobim, advogado da Associa&ccedil;&atilde;o Brasileira de Emissoras de R&aacute;dio e Televis&atilde;o (Abert).<\/div>\n<div>No momento em que a Anatel se v&ecirc; obrigada a deliberar sobre in&uacute;meros conflitos que envolvem, de um lado, os principais grupos de m&iacute;dia do pa&iacute;s e, de outro lado, as operadoras de telecomunica&ccedil;&otilde;es, ter &agrave; frente da ag&ecirc;ncia o advogado dos radiodifusores seria ferir de morte a independ&ecirc;ncia administrativa prevista no artigo 8&deg; da Lei Geral de Telecomunica&ccedil;&otilde;es. <\/div>\n<div>Configuraria-se, neste caso, a captura da Anatel pelos interesses privados da ind&uacute;stria das comunica&ccedil;&otilde;es. O setor que deveria ser fiscalizado e regulado passa a ser fiscalizador e regulador dele mesmo.<\/div>\n<div>Esperamos que o segundo mandato do presidente Lula seja pautado por uma vis&atilde;o estrat&eacute;gica para as comunica&ccedil;&otilde;es, onde esteja inserido o processo de re-institucionaliza&ccedil;&atilde;o da Anatel. Como pr&eacute;-condi&ccedil;&atilde;o, contudo, faz-se necess&aacute;rio evitar nomea&ccedil;&otilde;es&nbsp;partidarizadas e\/ou subordinadas ao interesse do oligop&oacute;lio privado da m&iacute;dia.<\/div>\n<div>O Intervozes &#8211; Coletivo Brasil de Comunica&ccedil;&atilde;o Social reivindica, assim, ao Presidente da Rep&uacute;blica,&nbsp;o cumprimento do programa de governo para as comunica&ccedil;&otilde;es e a indica&ccedil;&atilde;o de novos conselheiros para a Anatel que possam representar um projeto de universaliza&ccedil;&atilde;o das telecomunica&ccedil;&otilde;es (em especial da banda larga de acesso &agrave; Internet), de regula&ccedil;&atilde;o da concorr&ecirc;ncia e de enfrentamento dos monop&oacute;lios e oligop&oacute;lios privados.<\/div>\n<div><strong>Intervozes &ndash; Coletivo Brasil de Comunica&ccedil;&atilde;o Social<\/strong><br \/>20&nbsp;de dezembro de 2006<br \/><a href=\"http:\/\/www.intervozes.org.br\/\">www.intervozes.org.br<\/a><br \/><a href=\"mailto:comunicacao@obscom.intervozes.org.br\">comunicacao@obscom.intervozes.org.br<\/a><\/div>\n<div>&nbsp;<img loading=\"lazy\" decoding=\"async\" src=\"images\/stories\/copyleft.jpg\" alt=\"Sample Image\" width=\"100\" height=\"100\" \/><\/div>\n<\/div>\n","protected":false},"excerpt":{"rendered":"<p>Intervozes condena nomea\u00e7\u00e3o de Alexandre Jobim, advogado da Abert, para vaga no Conselho Diretor da ag\u00eancia. Organiza\u00e7\u00e3o afirma que  ato fere a independ\u00eancia administrativa do \u00f3rg\u00e3o regulador. Organiza\u00e7\u00e3o afirma que  ato fere a independ\u00eancia administrativa do \u00f3rg\u00e3o<\/p>\n","protected":false},"author":1,"featured_media":0,"comment_status":"open","ping_status":"open","sticky":false,"template":"","format":"standard","meta":{"footnotes":""},"categories":[40],"tags":[58],"_links":{"self":[{"href":"https:\/\/obscom.intervozes.org.br\/index.php?rest_route=\/wp\/v2\/posts\/17929"}],"collection":[{"href":"https:\/\/obscom.intervozes.org.br\/index.php?rest_route=\/wp\/v2\/posts"}],"about":[{"href":"https:\/\/obscom.intervozes.org.br\/index.php?rest_route=\/wp\/v2\/types\/post"}],"author":[{"embeddable":true,"href":"https:\/\/obscom.intervozes.org.br\/index.php?rest_route=\/wp\/v2\/users\/1"}],"replies":[{"embeddable":true,"href":"https:\/\/obscom.intervozes.org.br\/index.php?rest_route=%2Fwp%2Fv2%2Fcomments&post=17929"}],"version-history":[{"count":0,"href":"https:\/\/obscom.intervozes.org.br\/index.php?rest_route=\/wp\/v2\/posts\/17929\/revisions"}],"wp:attachment":[{"href":"https:\/\/obscom.intervozes.org.br\/index.php?rest_route=%2Fwp%2Fv2%2Fmedia&parent=17929"}],"wp:term":[{"taxonomy":"category","embeddable":true,"href":"https:\/\/obscom.intervozes.org.br\/index.php?rest_route=%2Fwp%2Fv2%2Fcategories&post=17929"},{"taxonomy":"post_tag","embeddable":true,"href":"https:\/\/obscom.intervozes.org.br\/index.php?rest_route=%2Fwp%2Fv2%2Ftags&post=17929"}],"curies":[{"name":"wp","href":"https:\/\/api.w.org\/{rel}","templated":true}]}}