{"id":17926,"date":"2006-12-15T16:40:39","date_gmt":"2006-12-15T16:40:39","guid":{"rendered":"https:\/\/obscom.intervozes.org.br\/wordpress\/?p=17926"},"modified":"2006-12-15T16:40:39","modified_gmt":"2006-12-15T16:40:39","slug":"entidades-lancam-frente-pelatv-digital","status":"publish","type":"post","link":"https:\/\/obscom.intervozes.org.br\/?p=17926","title":{"rendered":"Entidades lan\u00e7am Frente pelaTV Digital"},"content":{"rendered":"<p>Reunidas em Bras&iacute;lia, no dia 4 de abril, 39 organiza&ccedil;&otilde;es, redes e f&oacute;runs da sociedade civil lan&ccedil;aram a Frente Nacional por um Sistema Democr&aacute;tico de R&aacute;dio e TV Digital. A Frente tem como objetivo principal articular e unificar a interven&ccedil;&atilde;o da sociedade civil na discuss&atilde;o sobre a implanta&ccedil;&atilde;o da TV digital no pa&iacute;s.<\/p>\n<p>Como primeira iniciativa, ficou definido que a Frente vai lutar para que o governo paralise o processo decis&oacute;rio e abra um amplo debate com a sociedade.<\/p>\n<p>&quot;A plen&aacute;ria foi um marco importante na articula&ccedil;&atilde;o da sociedade civil. A expectativa &eacute; que a partir deste espa&ccedil;o as diversas organiza&ccedil;&otilde;es que integram esta rede consigam fortalecer suas iniciativas de mobiliza&ccedil;&atilde;o e forma&ccedil;&atilde;o sobre o tema junto &agrave; sociedade e em um curto per&iacute;odo de tempo apresentem propostas concretas para o modelo de TV digital brasileiro, a partir da &oacute;tica do interesse p&uacute;blico e da concep&ccedil;&atilde;o de que a m&iacute;dia brasileira deve ser urgentemente democratizada&quot;, avalia Jonas Valente, representante do Coletivo Intervozes, uma das organiza&ccedil;&otilde;es que integram a Frente.<\/p>\n<p>Dentro desse esp&iacute;rito, ficou definido que a Frente vai se concentrar em cinco tipos de a&ccedil;&otilde;es: 1) ampliar as discuss&otilde;es para tornar p&uacute;blico e transparente o debate sobre a digitaliza&ccedil;&atilde;o da radiodifus&atilde;o brasileira; 2) formular conjuntamente propostas para implanta&ccedil;&atilde;o e explora&ccedil;&atilde;o dos servi&ccedil;os, op&ccedil;&otilde;es tecnol&oacute;gicas e econ&ocirc;micas; 3) defender o cumprimento dos objetivos dispostos no Decreto 4.901\/2003, que institui o SBTVD (democratiza&ccedil;&atilde;o da informa&ccedil;&atilde;o, aperfei&ccedil;oamento do uso do espectro, inclus&atilde;o social, desenvolvimento da ind&uacute;stria nacional e processo de transi&ccedil;&atilde;o que n&atilde;o onere os cidad&atilde;os); 4) defender um genu&iacute;no SBTVD e reivindicar o desenvolvimento de um sistema semelhante para o r&aacute;dio digital; 5) defender a defini&ccedil;&atilde;o de um marco regulat&oacute;rio que incorpore a converg&ecirc;ncia tecnol&oacute;gica e regulamente os artigos constitucionais que tratam da &aacute;rea das comunica&ccedil;&otilde;es.<\/p>\n<p>Estiveram presentes na plen&aacute;ria, apoiando a iniciativa da cria&ccedil;&atilde;o da Frente, os deputados Ivan Valente (PSOL-SP), Walter Pinheiro (PT-BA), Jandira Feghali (PCdoB-RJ), Dr. Rosinha (PT-PR), Paulo Rubem Santiago (PT-PE), Tarc&iacute;sio Zimmerman (PT\/RS) e J&uacute;lio Semeghini (PSDB-SP).<\/p>\n","protected":false},"excerpt":{"rendered":"<p>Reunidas em Bras\u00edlia, no dia 4 de abril, 39 organiza\u00e7\u00f5es, redes e f\u00f3runs da sociedade civil lan\u00e7aram a Frente Nacional por um Sistema Democr\u00e1tico de R\u00e1dio e TV Digital.<\/p>\n","protected":false},"author":1,"featured_media":0,"comment_status":"open","ping_status":"open","sticky":false,"template":"","format":"standard","meta":{"footnotes":""},"categories":[40],"tags":[55],"_links":{"self":[{"href":"https:\/\/obscom.intervozes.org.br\/index.php?rest_route=\/wp\/v2\/posts\/17926"}],"collection":[{"href":"https:\/\/obscom.intervozes.org.br\/index.php?rest_route=\/wp\/v2\/posts"}],"about":[{"href":"https:\/\/obscom.intervozes.org.br\/index.php?rest_route=\/wp\/v2\/types\/post"}],"author":[{"embeddable":true,"href":"https:\/\/obscom.intervozes.org.br\/index.php?rest_route=\/wp\/v2\/users\/1"}],"replies":[{"embeddable":true,"href":"https:\/\/obscom.intervozes.org.br\/index.php?rest_route=%2Fwp%2Fv2%2Fcomments&post=17926"}],"version-history":[{"count":0,"href":"https:\/\/obscom.intervozes.org.br\/index.php?rest_route=\/wp\/v2\/posts\/17926\/revisions"}],"wp:attachment":[{"href":"https:\/\/obscom.intervozes.org.br\/index.php?rest_route=%2Fwp%2Fv2%2Fmedia&parent=17926"}],"wp:term":[{"taxonomy":"category","embeddable":true,"href":"https:\/\/obscom.intervozes.org.br\/index.php?rest_route=%2Fwp%2Fv2%2Fcategories&post=17926"},{"taxonomy":"post_tag","embeddable":true,"href":"https:\/\/obscom.intervozes.org.br\/index.php?rest_route=%2Fwp%2Fv2%2Ftags&post=17926"}],"curies":[{"name":"wp","href":"https:\/\/api.w.org\/{rel}","templated":true}]}}